{"id":10977,"date":"2025-09-18T16:59:28","date_gmt":"2025-09-18T15:59:28","guid":{"rendered":"https:\/\/informacionlocal.es\/medidas-extraordinarias-de-autoproteccion-por-las-altas-temperaturas-con-especial-atencion-a-la-romeria-de-la-pena\/"},"modified":"2025-09-18T16:59:28","modified_gmt":"2025-09-18T15:59:28","slug":"medidas-extraordinarias-de-autoproteccion-por-las-altas-temperaturas-con-especial-atencion-a-la-romeria-de-la-pena","status":"publish","type":"post","link":"https:\/\/informacionlocal.es\/de\/medidas-extraordinarias-de-autoproteccion-por-las-altas-temperaturas-con-especial-atencion-a-la-romeria-de-la-pena\/","title":{"rendered":"Medidas extraordinarias de autoprotecci\u00f3n por las altas temperaturas, con especial atenci\u00f3n a la Romer\u00eda de La Pe\u00f1a"},"content":{"rendered":"<div class=\"entry-content\"><strong>18 septiembre, 2025<\/strong><\/p>\n<p><em><strong>Se ruega evitar las horas de mayor exposici\u00f3n solar y se adapta la programaci\u00f3n de la Romer\u00eda-Ofrenda<\/strong><\/em><\/p>\n<p>El Cabildo de Fuerteventura recuerda a la poblaci\u00f3n la necesidad de extremar las precauciones ante la alerta por altas temperaturas y prealerta por calima en Fuerteventura, con especial atenci\u00f3n a la peregrinaci\u00f3n y romer\u00eda en Honor a Nuestra Se\u00f1ora de La Pe\u00f1a.<\/p>\n<p>Ante la alerta por altas temperaturas y prealerta por calima en Fuerteventura, declarada por la Direcci\u00f3n General de Emergencias, el Cabildo de Fuerteventura activa un plan de medidas extraordinarias de autoprotecci\u00f3n y emite una serie de recomendaciones a la poblaci\u00f3n, poniendo especial atenci\u00f3n a la celebraci\u00f3n de la tradicional romer\u00eda.<\/p>\n<p>Seg\u00fan los avisos meteorol\u00f3gicos, se prev\u00e9 que el viernes, 19 de septiembre, se alcancen o superen los 37\u00ba de temperatura m\u00e1xima en la Isla, con un nivel de riesgo importante. Esta alerta por altas temperaturas, con el aviso de AEMET, establece la mayor exposici\u00f3n desde las 11.00 hasta las 19.59 horas.<\/p>\n<p>Por este motivo, se recomienda aprovechar las primeras horas de la ma\u00f1ana para realizar la peregrinaci\u00f3n. Asimismo, las Fiestas en Honor a Nuestra Se\u00f1ora de La Pe\u00f1a adaptan su programaci\u00f3n para evitar las zonas y horarios de mayor temperatura, por lo que la tradicional Romer\u00eda-Ofrenda, cuya salida estaba prevista este viernes a las 17.00 horas, se modifica, celebr\u00e1ndose \u00fanicamente la Ofrenda a partir de las 19.00 horas, en la plaza del Santuario de Nuestra Se\u00f1ora de La Pe\u00f1a.<\/p>\n<p><strong>Recomendaciones<\/strong><\/p>\n<p>Desde la Consejer\u00eda de Seguridad y Emergencias del Cabildo de Fuerteventura se insta a aquellas personas que padezcan patolog\u00edas respiratorias o f\u00edsicas que puedan verse condicionadas por las condiciones meteorol\u00f3gicas adversas, a no participar en la peregrinaci\u00f3n, mientras dure la declaraci\u00f3n de alerta.<\/p>\n<p>El resto de personas deber\u00e1n seguir una serie de\u00a0<strong>pautas y recomendaciones<\/strong>\u00a0como hidrataci\u00f3n constante y evitar la exposici\u00f3n solar, especialmente durante las horas centrales del d\u00eda, entre las 11.00 y las 17.00 horas. Se recomienda, adem\u00e1s, el uso de ropa adecuada: ropa ligera, sombreros y gafas de sol en horas diurnas.<\/p>\n<p>Asimismo, se ruega proteger a los m\u00e1s vulnerables: prestar especial atenci\u00f3n a ni\u00f1os, ni\u00f1as, personas mayores y personas con enfermedades cr\u00f3nicas, as\u00ed como evitar la actividad f\u00edsica intensa.<\/p>\n<p>Todas las recomendaciones pueden consultarse en la web\u00a0https:\/\/seguridadyemergenciasfuerteventura.com\/<\/p>\n<p>Se agradece la colaboraci\u00f3n ciudadana para garantizar la seguridad de todos durante estas celebraciones.<\/p>\n<\/div>\n","protected":false},"excerpt":{"rendered":"<p>18 septiembre, 2025 Se ruega evitar las horas de mayor exposici\u00f3n solar y se adapta la programaci\u00f3n de la Romer\u00eda-Ofrenda El Cabildo de Fuerteventura recuerda a la poblaci\u00f3n la necesidad [&hellip;]<\/p>\n","protected":false},"author":1,"featured_media":10979,"comment_status":"open","ping_status":"open","sticky":false,"template":"","format":"standard","meta":{"inline_featured_image":false,"jnews-multi-image_gallery":[],"jnews_single_post":[],"jnews_primary_category":[],"jnews_social_meta":[],"jnews_override_counter":[],"jnews_post_split":[],"footnotes":""},"categories":[58],"tags":[82],"class_list":["post-10977","post","type-post","status-publish","format-standard","has-post-thumbnail","hentry","category-cabildo","tag-fuerteventura"],"jetpack_featured_media_url":"https:\/\/informacionlocal.es\/wp-content\/uploads\/2025\/09\/temperaturas.jpeg","_links":{"self":[{"href":"https:\/\/informacionlocal.es\/de\/wp-json\/wp\/v2\/posts\/10977","targetHints":{"allow":["GET"]}}],"collection":[{"href":"https:\/\/informacionlocal.es\/de\/wp-json\/wp\/v2\/posts"}],"about":[{"href":"https:\/\/informacionlocal.es\/de\/wp-json\/wp\/v2\/types\/post"}],"author":[{"embeddable":true,"href":"https:\/\/informacionlocal.es\/de\/wp-json\/wp\/v2\/users\/1"}],"replies":[{"embeddable":true,"href":"https:\/\/informacionlocal.es\/de\/wp-json\/wp\/v2\/comments?post=10977"}],"version-history":[{"count":0,"href":"https:\/\/informacionlocal.es\/de\/wp-json\/wp\/v2\/posts\/10977\/revisions"}],"wp:featuredmedia":[{"embeddable":true,"href":"https:\/\/informacionlocal.es\/de\/wp-json\/wp\/v2\/media\/10979"}],"wp:attachment":[{"href":"https:\/\/informacionlocal.es\/de\/wp-json\/wp\/v2\/media?parent=10977"}],"wp:term":[{"taxonomy":"category","embeddable":true,"href":"https:\/\/informacionlocal.es\/de\/wp-json\/wp\/v2\/categories?post=10977"},{"taxonomy":"post_tag","embeddable":true,"href":"https:\/\/informacionlocal.es\/de\/wp-json\/wp\/v2\/tags?post=10977"}],"curies":[{"name":"wp","href":"https:\/\/api.w.org\/{rel}","templated":true}]}}