{"id":10933,"date":"2025-09-17T19:00:12","date_gmt":"2025-09-17T18:00:12","guid":{"rendered":"https:\/\/informacionlocal.es\/puerto-del-rosario-impulsa-un-curso-de-sensibilizacion-frente-al-acoso-sexual-y-por-razon-de-sexo-en-el-ambito-deportivo\/"},"modified":"2025-09-17T19:00:12","modified_gmt":"2025-09-17T18:00:12","slug":"puerto-del-rosario-impulsa-un-curso-de-sensibilizacion-frente-al-acoso-sexual-y-por-razon-de-sexo-en-el-ambito-deportivo","status":"publish","type":"post","link":"https:\/\/informacionlocal.es\/de\/puerto-del-rosario-impulsa-un-curso-de-sensibilizacion-frente-al-acoso-sexual-y-por-razon-de-sexo-en-el-ambito-deportivo\/","title":{"rendered":"Puerto del Rosario impulsa un curso de sensibilizaci\u00f3n frente al acoso sexual y por raz\u00f3n de sexo en el \u00e1mbito deportivo"},"content":{"rendered":"<div class=\"entry-content\">\n<ul>\n<li><span><strong>El Ayuntamiento capitalino organiza esta formaci\u00f3n dirigida a entidades deportivas y profesionales vinculados con la infancia y la adolescencia.<\/strong><strong>\u00a0<\/strong><\/span><\/li>\n<\/ul>\n<p><span><strong>En Puerto del Rosario, a 17 de septiembre de 2025.-<\/strong> El Ayuntamiento de Puerto del Rosario ha puesto en marcha el curso \u201cSensibilizaci\u00f3n frente al acoso sexual y por raz\u00f3n de sexo\u201d, una iniciativa pionera en el municipio destinada a entidades deportivas y a profesionales que trabajan habitualmente con ni\u00f1as, ni\u00f1os y adolescentes en los \u00e1mbitos deportivo, educativo, de ocio y tiempo libre.<\/span><\/p>\n<p><span>La acci\u00f3n formativa tiene como finalidad dotar de herramientas pr\u00e1cticas para la prevenci\u00f3n, detecci\u00f3n e intervenci\u00f3n ante situaciones de acoso sexual o por raz\u00f3n de sexo, en l\u00ednea con la Ley Org\u00e1nica 8\/2021, de protecci\u00f3n integral a la infancia y la adolescencia frente a la violencia.<\/span><\/p>\n<p><span>El alcalde de Puerto del Rosario, David de Vera, explic\u00f3 que \u201cla infancia y la adolescencia merecen crecer y desarrollarse en espacios seguros, libres de cualquier forma de violencia. Con este curso damos un paso m\u00e1s en el compromiso de Puerto del Rosario con la igualdad y la protecci\u00f3n integral de nuestros menores\u201d.<\/span><\/p>\n<p><img loading=\"lazy\" decoding=\"async\" loading=\"lazy\" class=\"size-large wp-image-157036 aligncenter\" src=\"https:\/\/informacionlocal.es\/wp-content\/uploads\/2025\/09\/sensibilizacion-acoso-1024x584-1.jpeg\" width=\"1024\" height=\"584\" title=\"sensibilizacion-acoso-1024x584-1\"><\/p>\n<p><span>Por su parte, el concejal de Deportes, Luis Chac\u00f3n, destac\u00f3 que \u201cel deporte es un pilar fundamental de la vida comunitaria, y debemos garantizar que sea siempre un entorno respetuoso, inclusivo y seguro. Esta formaci\u00f3n ofrece a entrenadores, monitores y responsables de clubes herramientas muy concretas para prevenir y actuar frente a situaciones de acoso\u201d.<\/span><\/p>\n<p><span>Durante las sesiones, que se impartir\u00e1n en modalidad online y con plazas limitadas, se abordar\u00e1n aspectos esenciales como la prevenci\u00f3n y detecci\u00f3n precoz de la violencia, el fomento del buen trato, la seguridad digital y uso responsable de internet, la atenci\u00f3n a la diversidad, la promoci\u00f3n del deporte inclusivo o el papel del Delegado\/a de Protecci\u00f3n.<\/span><\/p>\n<\/div>\n","protected":false},"excerpt":{"rendered":"<p>El Ayuntamiento capitalino organiza esta formaci\u00f3n dirigida a entidades deportivas y profesionales vinculados con la infancia y la adolescencia.\u00a0 En Puerto del Rosario, a 17 de septiembre de 2025.- El [&hellip;]<\/p>\n","protected":false},"author":1,"featured_media":10935,"comment_status":"open","ping_status":"open","sticky":false,"template":"","format":"standard","meta":{"inline_featured_image":false,"jnews-multi-image_gallery":[],"jnews_single_post":[],"jnews_primary_category":[],"jnews_social_meta":[],"jnews_override_counter":[],"jnews_post_split":[],"footnotes":""},"categories":[61],"tags":[],"class_list":["post-10933","post","type-post","status-publish","format-standard","has-post-thumbnail","hentry","category-puerto-del-rosario"],"jetpack_featured_media_url":"https:\/\/informacionlocal.es\/wp-content\/uploads\/2025\/09\/sensibilizacion.png","_links":{"self":[{"href":"https:\/\/informacionlocal.es\/de\/wp-json\/wp\/v2\/posts\/10933","targetHints":{"allow":["GET"]}}],"collection":[{"href":"https:\/\/informacionlocal.es\/de\/wp-json\/wp\/v2\/posts"}],"about":[{"href":"https:\/\/informacionlocal.es\/de\/wp-json\/wp\/v2\/types\/post"}],"author":[{"embeddable":true,"href":"https:\/\/informacionlocal.es\/de\/wp-json\/wp\/v2\/users\/1"}],"replies":[{"embeddable":true,"href":"https:\/\/informacionlocal.es\/de\/wp-json\/wp\/v2\/comments?post=10933"}],"version-history":[{"count":0,"href":"https:\/\/informacionlocal.es\/de\/wp-json\/wp\/v2\/posts\/10933\/revisions"}],"wp:featuredmedia":[{"embeddable":true,"href":"https:\/\/informacionlocal.es\/de\/wp-json\/wp\/v2\/media\/10935"}],"wp:attachment":[{"href":"https:\/\/informacionlocal.es\/de\/wp-json\/wp\/v2\/media?parent=10933"}],"wp:term":[{"taxonomy":"category","embeddable":true,"href":"https:\/\/informacionlocal.es\/de\/wp-json\/wp\/v2\/categories?post=10933"},{"taxonomy":"post_tag","embeddable":true,"href":"https:\/\/informacionlocal.es\/de\/wp-json\/wp\/v2\/tags?post=10933"}],"curies":[{"name":"wp","href":"https:\/\/api.w.org\/{rel}","templated":true}]}}