{"id":1093,"date":"2025-04-10T16:44:32","date_gmt":"2025-04-10T16:44:32","guid":{"rendered":"https:\/\/informacionlocal.es\/la-oliva-startet-das-programm-aktive-familie-in-der-gemeinschaft\/"},"modified":"2025-04-14T10:00:15","modified_gmt":"2025-04-14T10:00:15","slug":"la-oliva-startet-das-programm-aktive-familie-in-der-gemeinschaft","status":"publish","type":"post","link":"https:\/\/informacionlocal.es\/de\/la-oliva-startet-das-programm-aktive-familie-in-der-gemeinschaft\/","title":{"rendered":"La Oliva startet das Programm &#8222;Aktive Familie in der Gemeinschaft&#8220;."},"content":{"rendered":"<div class=\"col-md-12 text-justify p-3\"><img decoding=\"async\" src=\"https:\/\/informacionlocal.es\/wp-content\/uploads\/2025\/04\/5182_9b687d38-1.png\" vspace=\"10\" hspace=\"10\" width=\"640px\" title=\"5182_9b687d38-1\" class=\"img-fluid p-2\"><\/p>\n<p>Die Stadtverwaltung von La Oliva, durch die Abteilung f\u00fcr B\u00fcrgerbeteiligung, unter der Leitung von Joana P\u00e9rez Carre\u00f1o, zusammen mit der Abteilung f\u00fcr Soziales und B\u00fcrgerbeteiligung des Cabildo von Fuerteventura, unter der Leitung von V\u00edctor Alonso, f\u00f6rdert das Programm &#8222;Aktive Familie in der Gemeinde&#8220; von April bis Dezember 2025. Das Ziel dieses interdisziplin\u00e4ren Projekts ist es, kooperative Aktivit\u00e4ten unter den Familien der Gemeinde zu f\u00f6rdern. Ziel ist es, durch diese Dynamik, die sich an Kinder, Jugendliche und Familien im Allgemeinen richtet, gesunde Gewohnheiten, die Beteiligung an der Gemeinschaft, die Belebung der Stra\u00dfen, das Zusammenleben und die sozialen Beziehungen, die Qualit\u00e4t der gemeinsamen Familienzeit und vieles mehr zu f\u00f6rdern.  <\/p>\n<p>In diesem Sinne k\u00f6nnen die Teilnehmer nicht nur die Projekte im Bereich der B\u00fcrgerbeteiligung kennen lernen, wie z.B. den &#8222;Stadtrat der Kinder und Jugendlichen&#8220;, das &#8222;La Oliva Seniorenprogramm in Form&#8220; und andere Gruppen, sondern auch gemeinschaftliche Werte wie Respekt, Solidarit\u00e4t, Toleranz und Integration f\u00f6rdern.<\/p>\n<p>Der B\u00fcrgermeister von La Oliva, Isa\u00ed Blanco, betont: &#8222;Dieses Programm wird es den Familien unserer Gemeinde erm\u00f6glichen, mit anderen Einwohnern in Kontakt zu treten. Durch eine Reihe von Aktivit\u00e4ten wird eine st\u00e4rkere B\u00fcrgerbeteiligung erreicht, die nicht nur das Zusammenleben in unserer Gemeinde dynamischer macht, sondern auch f\u00fcr unsere heutige Gesellschaft unverzichtbare Werte wie Toleranz, Integration, Respekt und Solidarit\u00e4t f\u00f6rdert&#8220;.<\/p>\n<p>Joana P\u00e9rez Carre\u00f1o, Stadtr\u00e4tin f\u00fcr B\u00fcrgerbeteiligung, sagte: &#8222;Dies ist eine ausgezeichnete Gelegenheit f\u00fcr die Bev\u00f6lkerung, dieses wichtige interdisziplin\u00e4re Projekt kennenzulernen und an seiner Dynamisierung mitzuwirken. Gemeinschaftliche Werte, die Verbreitung gesunder Gewohnheiten sowie Bildung und Sensibilisierung werden die Schwerpunkte dieses Ansatzes sein, der jetzt im April beginnt und bis Dezember dieses Jahres andauern wird&#8220;.<\/p>\n<\/div>\n","protected":false},"excerpt":{"rendered":"<p>Die Stadtverwaltung von La Oliva, durch die Abteilung f\u00fcr B\u00fcrgerbeteiligung, unter der Leitung von Joana P\u00e9rez Carre\u00f1o, zusammen mit der Abteilung f\u00fcr Soziales und B\u00fcrgerbeteiligung des Cabildo von Fuerteventura, unter [&hellip;]<\/p>\n","protected":false},"author":1,"featured_media":594,"comment_status":"open","ping_status":"open","sticky":false,"template":"","format":"standard","meta":{"inline_featured_image":false,"jnews-multi-image_gallery":[],"jnews_single_post":[],"jnews_primary_category":[],"jnews_social_meta":[],"jnews_override_counter":[],"jnews_post_split":[],"footnotes":""},"categories":[291],"tags":[214,216,196,213,217],"class_list":["post-1093","post","type-post","status-publish","format-standard","has-post-thumbnail","hentry","category-la-oliva-de","tag-bildung","tag-fuerteventura-de","tag-gemeinden","tag-integration-de","tag-kultur-und-freizeit"],"jetpack_featured_media_url":"https:\/\/informacionlocal.es\/wp-content\/uploads\/2025\/04\/5182_9b687d38.png","_links":{"self":[{"href":"https:\/\/informacionlocal.es\/de\/wp-json\/wp\/v2\/posts\/1093","targetHints":{"allow":["GET"]}}],"collection":[{"href":"https:\/\/informacionlocal.es\/de\/wp-json\/wp\/v2\/posts"}],"about":[{"href":"https:\/\/informacionlocal.es\/de\/wp-json\/wp\/v2\/types\/post"}],"author":[{"embeddable":true,"href":"https:\/\/informacionlocal.es\/de\/wp-json\/wp\/v2\/users\/1"}],"replies":[{"embeddable":true,"href":"https:\/\/informacionlocal.es\/de\/wp-json\/wp\/v2\/comments?post=1093"}],"version-history":[{"count":1,"href":"https:\/\/informacionlocal.es\/de\/wp-json\/wp\/v2\/posts\/1093\/revisions"}],"predecessor-version":[{"id":1620,"href":"https:\/\/informacionlocal.es\/de\/wp-json\/wp\/v2\/posts\/1093\/revisions\/1620"}],"wp:featuredmedia":[{"embeddable":true,"href":"https:\/\/informacionlocal.es\/de\/wp-json\/wp\/v2\/media\/594"}],"wp:attachment":[{"href":"https:\/\/informacionlocal.es\/de\/wp-json\/wp\/v2\/media?parent=1093"}],"wp:term":[{"taxonomy":"category","embeddable":true,"href":"https:\/\/informacionlocal.es\/de\/wp-json\/wp\/v2\/categories?post=1093"},{"taxonomy":"post_tag","embeddable":true,"href":"https:\/\/informacionlocal.es\/de\/wp-json\/wp\/v2\/tags?post=1093"}],"curies":[{"name":"wp","href":"https:\/\/api.w.org\/{rel}","templated":true}]}}