{"id":10927,"date":"2025-09-17T17:01:06","date_gmt":"2025-09-17T16:01:06","guid":{"rendered":"https:\/\/informacionlocal.es\/la-10a-edicion-del-slalom-la-piconera-toma-el-municipio-de-la-oliva-el-20-de-septiembre\/"},"modified":"2025-09-17T17:01:06","modified_gmt":"2025-09-17T16:01:06","slug":"la-10a-edicion-del-slalom-la-piconera-toma-el-municipio-de-la-oliva-el-20-de-septiembre","status":"publish","type":"post","link":"https:\/\/informacionlocal.es\/de\/la-10a-edicion-del-slalom-la-piconera-toma-el-municipio-de-la-oliva-el-20-de-septiembre\/","title":{"rendered":"La 10\u00aa edici\u00f3n del Slalom La Piconera toma el municipio de La Oliva el 20 de septiembre"},"content":{"rendered":"<p>La velocidad regresa, un a\u00f1o m\u00e1s, al tramo de Las Calderas con el Slalom La Piconera. El Ayuntamiento de La Oliva, a trav\u00e9s de la Concejal\u00eda de Deportes, que gestiona Gleiber Carre\u00f1o, junto con los clubs automovil\u00edsticos de Fuerteventura Tibiab\u00edn, Betan, FuerteMotor y Adel RS, adem\u00e1s del Cabildo Insular de Fuerteventura y la Federaci\u00f3n Canaria y la Federaci\u00f3n de Las Palmas, presentan la 10\u00aa edici\u00f3n del deporte del motor en el municipio. Con el tradicional tramo entre La Piconera y Morro Francisco en Corralejo, la modalidad deportiva trae el espect\u00e1culo de adrenalina en estado puro con diferentes categor\u00edas entre las cuales se encuentran turismos y car cross. <\/p>\n<p>Los participantes deber\u00e1n mostrar sus habilidades en la pista en un recorrido de 6km en el que estar\u00e1n presentes los aspirantes y favoritos del Campeonato de Canarias de turismos y car cross. Al igual que en anteriores ediciones, el parque de asistencias se encontrar\u00e1 en Morro Francisco y contar\u00e1 con 4 mangas oficiales, con la primera salida y entrega de premios en el mismo punto. Con el cierre de carretera a las 12:00h, los veh\u00edculos entrar\u00e1n a la pista a las 13:00h, dando as\u00ed comienzo a la carrera.<\/p>\n<p>El alcalde de La Oliva, Isa\u00ed Blanco, destaca la relevancia que ha ido adquiriendo este deporte en el municipio: \u201cLa 10\u00aa edici\u00f3n del Slalom La Piconera trae lo mejor de la modalidad deportiva a La Oliva. Para nosotros es fundamental seguir impulsando competiciones que pongan los deportes del motor en el centro y, diversificar as\u00ed, la oferta deportiva.\u201d  <\/p>\n<p>Por su parte, la concejala de Deportes, Gleiber Carre\u00f1o, manifiesta la voluntad de continuar apostando por esta modalidad en la Isla: \u201cLa celebraci\u00f3n del Slalom en el municipio mantiene el impulso del mundo del motor en Fuerteventura y saca a relucir la diversidad de carreras y competiciones para locales y visitantes a la Isla.\u201d <\/p>\n<p>Se solicita la colaboraci\u00f3n de los aficionados para respetar las indicaciones oficiales, teniendo en cuenta la conciencia ambiental con el fin de preservar el entorno natural y, que se puedan seguir celebrando muchas ediciones m\u00e1s. Por \u00faltimo, los asistentes podr\u00e1n seguir en directo toda la informaci\u00f3n de la prueba en la p\u00e1gina web www.vmrm.net.<\/p>\n","protected":false},"excerpt":{"rendered":"<p><span>Un total de 39 equipos se disputar\u00e1n el podio en el tramo de Las Calderas<\/span><\/p>\n","protected":false},"author":1,"featured_media":10929,"comment_status":"open","ping_status":"open","sticky":false,"template":"","format":"standard","meta":{"inline_featured_image":false,"jnews-multi-image_gallery":[],"jnews_single_post":[],"jnews_primary_category":[],"jnews_social_meta":[],"jnews_override_counter":[],"jnews_post_split":[],"footnotes":""},"categories":[62],"tags":[82],"class_list":["post-10927","post","type-post","status-publish","format-standard","has-post-thumbnail","hentry","category-la-oliva","tag-fuerteventura"],"jetpack_featured_media_url":"https:\/\/informacionlocal.es\/wp-content\/uploads\/2025\/09\/5244_4642feca.png","_links":{"self":[{"href":"https:\/\/informacionlocal.es\/de\/wp-json\/wp\/v2\/posts\/10927","targetHints":{"allow":["GET"]}}],"collection":[{"href":"https:\/\/informacionlocal.es\/de\/wp-json\/wp\/v2\/posts"}],"about":[{"href":"https:\/\/informacionlocal.es\/de\/wp-json\/wp\/v2\/types\/post"}],"author":[{"embeddable":true,"href":"https:\/\/informacionlocal.es\/de\/wp-json\/wp\/v2\/users\/1"}],"replies":[{"embeddable":true,"href":"https:\/\/informacionlocal.es\/de\/wp-json\/wp\/v2\/comments?post=10927"}],"version-history":[{"count":0,"href":"https:\/\/informacionlocal.es\/de\/wp-json\/wp\/v2\/posts\/10927\/revisions"}],"wp:featuredmedia":[{"embeddable":true,"href":"https:\/\/informacionlocal.es\/de\/wp-json\/wp\/v2\/media\/10929"}],"wp:attachment":[{"href":"https:\/\/informacionlocal.es\/de\/wp-json\/wp\/v2\/media?parent=10927"}],"wp:term":[{"taxonomy":"category","embeddable":true,"href":"https:\/\/informacionlocal.es\/de\/wp-json\/wp\/v2\/categories?post=10927"},{"taxonomy":"post_tag","embeddable":true,"href":"https:\/\/informacionlocal.es\/de\/wp-json\/wp\/v2\/tags?post=10927"}],"curies":[{"name":"wp","href":"https:\/\/api.w.org\/{rel}","templated":true}]}}