{"id":10921,"date":"2025-09-17T15:00:29","date_gmt":"2025-09-17T14:00:29","guid":{"rendered":"https:\/\/informacionlocal.es\/el-plan-de-choque-de-la-policia-autonomica-en-fuerteventura-ha-aumentado-la-percepcion-de-seguridad\/"},"modified":"2025-09-17T15:00:29","modified_gmt":"2025-09-17T14:00:29","slug":"el-plan-de-choque-de-la-policia-autonomica-en-fuerteventura-ha-aumentado-la-percepcion-de-seguridad","status":"publish","type":"post","link":"https:\/\/informacionlocal.es\/de\/el-plan-de-choque-de-la-policia-autonomica-en-fuerteventura-ha-aumentado-la-percepcion-de-seguridad\/","title":{"rendered":"El plan de choque de la polic\u00eda auton\u00f3mica en Fuerteventura ha aumentado la percepci\u00f3n de seguridad"},"content":{"rendered":"<div class=\"entry-content\"><strong>16 septiembre, 2025<\/strong><\/p>\n<p><strong><em> La presidenta del Cabildo agradece \u201cla r\u00e1pida respuesta de la consejera\u201d ante una de las principales reivindicaciones que tiene la isla <\/em><\/strong><\/p>\n<p><strong><em>De enero a agosto se realizaron un total de 317 actas administrativas, 25 detenciones y 41 requerimientos <\/em><\/strong><\/p>\n<p>La consejera de Presidencia, Administraciones P\u00fablicas, Justicia y<br \/>\nSeguridad del Gobierno de Canarias, Nieves Lady Barreto, junto a la presidenta<br \/>\ndel Cabildo de Fuerteventura, Lola Garc\u00eda, ha presentado a los alcaldes de la<br \/>\nisla el balance del Plan de choque y refuerzo de la Polic\u00eda Auton\u00f3mica. Esta iniciativa,<br \/>\npuesta en marcha a medios del mes de febrero, fue uno de los acuerdos<br \/>\nalcanzados en una reuni\u00f3n operativa convocada por el Cabildo con el objetivo de<br \/>\naumentar la vigilancia en determinados municipios, prevenir la delincuencia en<br \/>\nel territorio y atender de manera m\u00e1s eficaz las demandas ciudadanas, en<br \/>\ncoordinaci\u00f3n con ayuntamientos y fuerzas de seguridad. <\/p>\n<p>Durante el acto, celebrado en el Sal\u00f3n de Plenos de la Corporaci\u00f3n<br \/>\ninsular, Nieves Lady Barreto agradeci\u00f3 el trabajo desarrollado por los agentes y<br \/>\ncelebr\u00f3 que \u201csu presencia hab\u00eda contribuido a aumentar la percepci\u00f3n de<br \/>\nseguridad en la isla, que era nuestro objetivo principal, seg\u00fan hemos constatado<br \/>\ncon vecinos y comerciantes\u201d. La consejera a\u00f1adi\u00f3 que, aunque ahora son<br \/>\nactuaciones espec\u00edficas, esperamos que en esta legislatura pueda comenzar el<br \/>\ndespliegue territorial y abrir la comisar\u00eda en P\u00e1jara, con presencia permanente<br \/>\nen \u00e9sta y en otras islas no capitalinas, contando con 141 nuevos agentes del<br \/>\nCGPC que entrar\u00e1n en octubre en la Academia.<\/p>\n<p>Adem\u00e1s, Nieves Lady Barreto record\u00f3 que cuando hablamos de Polic\u00eda<br \/>\nCanaria incluimos tambi\u00e9n las polic\u00edas locales y que \u201cdebemos de estar<br \/>\norgullosos del n\u00famero de efectivos que hemos sumado desde 2023, porque son 421<br \/>\nnuevos agentes que ahora est\u00e1n patrullando los municipios canarios. \u201cAhora toca<br \/>\n-a\u00f1adi\u00f3- que el Ministerio haga su trabajo y actualice los cat\u00e1logos de Guardia<br \/>\nCivil y Polic\u00eda Nacional\u201d.<\/p>\n<p>Seg\u00fan explic\u00f3 la presidenta insular, Lola Garc\u00eda, \u201cdesde el Cabildo de<br \/>\nFuerteventura continuamos manteniendo reuniones para abordar la seguridad<br \/>\nciudadana con las diferentes administraciones\u201d. \u201cEsta ha sido una de nuestras<br \/>\ngrandes reivindicaciones desde que nos incorporamos y, por ello, debemos<br \/>\nagradecer la r\u00e1pida respuesta de la consejera Nieves Lady Barreto, que ha<br \/>\npermitido reforzar la presencia de Polic\u00eda Canaria en la Isla, complementando<br \/>\nel gran trabajo que hacen los cuerpos de polic\u00eda local, polic\u00eda nacional y<br \/>\nguardia civil\u201d.<\/p>\n<p>Al mismo tiempo, apunt\u00f3 Garc\u00eda, seguimos insistiendo en que el Estado<br \/>\ndebe conocer la situaci\u00f3n de primera mano y sobre el terreno, para el refuerzo<br \/>\nde los efectivos de seguridad, poniendo especial atenci\u00f3n a aquellas zonas con mayor<br \/>\npresi\u00f3n poblacional que as\u00ed lo requieran.<\/p>\n<p>En el encuentro con los alcaldes de la isla, tambi\u00e9n ha participado el<br \/>\nviceconsejero de Justicia y Seguridad, Ces\u00e1reo Rodr\u00edguez, y el comisario jefe<br \/>\ndel Cuerpo General de la Polic\u00eda Canaria, Antonio Almenara.<\/p>\n<p>En el periodo analizado se desplegaron efectivos policiales en Puerto<br \/>\ndel Rosario, P\u00e1jara, La Oliva, Tuineje y Antigua, contando con dos equipos de<br \/>\ndoce efectivos en total, de los que tambi\u00e9n han formado parte el grupo canino.<br \/>\nAs\u00ed, hasta mediados de este mes de septiembre, se han realizado un total de 317<br \/>\nactas administrativas, 25 detenciones y 41 requerimientos. La mayor\u00eda de los<br \/>\nincidentes han estado relacionados con consumo de drogas, seguido por peleas y<br \/>\nalteraciones del orden p\u00fablico.<\/p>\n<p>Durante los meses de abril y mayo se registraron m\u00e1s actas, mientras<br \/>\nque en junio y julio destacaron las detenciones y requerimientos. Un escenario<br \/>\nque se estabiliz\u00f3 durante el mes de agosto por la focalizaci\u00f3n de la Polic\u00eda<br \/>\nCanaria en la afluencia tur\u00edstica y su presencia en eventos programados.<\/p>\n<p>Por municipios<strong>,<\/strong> el mayor volumen de intervenciones,<br \/>\ndurante este periodo, se concentraron especialmente en P\u00e1jara, con 160 actas y<br \/>\n19 detenciones, lo que supone m\u00e1s de la mitad de la actividad insular. Antigua<br \/>\nconcentr\u00f3 65 actas en abril, siendo un foco puntual de alta incidencia, Puerto<br \/>\ndel Rosario destaca en julio con 18 actas, aunque el resto de meses reduce su<br \/>\npeso y Tuineje el el municipio con una actividad m\u00e1s baja y dispersa con 35<br \/>\nactas en todo el periodo.<\/p>\n<p>Este no es el primer dispositivo especial temporal del Cuerpo General<br \/>\nde la Polic\u00eda Canaria que activa la Consejer\u00eda de Presidencia en una isla no<br \/>\ncapitalina. El pasado a\u00f1o se puso en marcha uno similar en el municipio gomero<br \/>\nde Valle Gran Rey, que se mantuvo durante varias semanas hasta reconducir la<br \/>\nsituaci\u00f3n que generaba sensaci\u00f3n de inseguridad entre la poblaci\u00f3n, y tambi\u00e9n<br \/>\nen los municipios del Valle de Aridane, en La Palma, que a\u00fan est\u00e1 activo.<\/p>\n<\/div>\n","protected":false},"excerpt":{"rendered":"<p>16 septiembre, 2025 La presidenta del Cabildo agradece \u201cla r\u00e1pida respuesta de la consejera\u201d ante una de las principales reivindicaciones que tiene la isla De enero a agosto se realizaron [&hellip;]<\/p>\n","protected":false},"author":1,"featured_media":10923,"comment_status":"open","ping_status":"open","sticky":false,"template":"","format":"standard","meta":{"inline_featured_image":false,"jnews-multi-image_gallery":[],"jnews_single_post":[],"jnews_primary_category":[],"jnews_social_meta":[],"jnews_override_counter":[],"jnews_post_split":[],"footnotes":""},"categories":[58],"tags":[82,65,182],"class_list":["post-10921","post","type-post","status-publish","format-standard","has-post-thumbnail","hentry","category-cabildo","tag-fuerteventura","tag-municipios","tag-seguridad"],"jetpack_featured_media_url":"https:\/\/informacionlocal.es\/wp-content\/uploads\/2025\/09\/whatsapp-image-2025-09-16-at-20-06-17.jpeg","_links":{"self":[{"href":"https:\/\/informacionlocal.es\/de\/wp-json\/wp\/v2\/posts\/10921","targetHints":{"allow":["GET"]}}],"collection":[{"href":"https:\/\/informacionlocal.es\/de\/wp-json\/wp\/v2\/posts"}],"about":[{"href":"https:\/\/informacionlocal.es\/de\/wp-json\/wp\/v2\/types\/post"}],"author":[{"embeddable":true,"href":"https:\/\/informacionlocal.es\/de\/wp-json\/wp\/v2\/users\/1"}],"replies":[{"embeddable":true,"href":"https:\/\/informacionlocal.es\/de\/wp-json\/wp\/v2\/comments?post=10921"}],"version-history":[{"count":0,"href":"https:\/\/informacionlocal.es\/de\/wp-json\/wp\/v2\/posts\/10921\/revisions"}],"wp:featuredmedia":[{"embeddable":true,"href":"https:\/\/informacionlocal.es\/de\/wp-json\/wp\/v2\/media\/10923"}],"wp:attachment":[{"href":"https:\/\/informacionlocal.es\/de\/wp-json\/wp\/v2\/media?parent=10921"}],"wp:term":[{"taxonomy":"category","embeddable":true,"href":"https:\/\/informacionlocal.es\/de\/wp-json\/wp\/v2\/categories?post=10921"},{"taxonomy":"post_tag","embeddable":true,"href":"https:\/\/informacionlocal.es\/de\/wp-json\/wp\/v2\/tags?post=10921"}],"curies":[{"name":"wp","href":"https:\/\/api.w.org\/{rel}","templated":true}]}}