{"id":1092,"date":"2025-04-10T16:54:35","date_gmt":"2025-04-10T16:54:35","guid":{"rendered":"https:\/\/informacionlocal.es\/die-stadtverwaltung-von-pajara-verbessert-den-staedtischen-friedhof-von-morro-jable-durch-die-vollstaendige-erneuerung-der-beleuchtungsanlage\/"},"modified":"2025-04-14T10:01:37","modified_gmt":"2025-04-14T10:01:37","slug":"die-stadtverwaltung-von-pajara-verbessert-den-staedtischen-friedhof-von-morro-jable-durch-die-vollstaendige-erneuerung-der-beleuchtungsanlage","status":"publish","type":"post","link":"https:\/\/informacionlocal.es\/de\/die-stadtverwaltung-von-pajara-verbessert-den-staedtischen-friedhof-von-morro-jable-durch-die-vollstaendige-erneuerung-der-beleuchtungsanlage\/","title":{"rendered":"Die Stadtverwaltung von P\u00e1jara verbessert den st\u00e4dtischen Friedhof von Morro Jable durch die vollst\u00e4ndige Erneuerung der Beleuchtungsanlage"},"content":{"rendered":"<div class=\"entry-content\">\n<p><b><i>Das Unternehmen investiert mehr als 83.000 Euro in neue LED-Leuchten und die Modernisierung des Stromnetzes  <\/i><\/b><\/p>\n<p><span>Das Rathaus von P\u00e1jara hat \u00fcber die Friedhofsabteilung die Renovierung und Installation eines neuen Beleuchtungssystems auf dem Gemeindefriedhof von Morro Jable abgeschlossen, eine Ma\u00dfnahme im Rahmen des Plans zur Verbesserung der kommunalen Infrastruktur. Das Projekt umfasste eine Investition von mehr als 83.000 Euro, die f\u00fcr die Verbesserung des Stromnetzes vorgesehen war. <\/span><\/p>\n<p><span>Der erste stellvertretende B\u00fcrgermeister und Stadtrat f\u00fcr Bauwesen, Alexis Alonso, unterstreicht die Bedeutung dieser Ma\u00dfnahme, die &#8222;eine Forderung aller Anwohner&#8220; ist. &#8222;Die Arbeiten umfassten den kompletten Austausch des alten Beleuchtungssystems durch neue Leuchten mit LED-Technologie&#8220;, betont er.   <\/span><\/p>\n<p><span>Der Stadtrat f\u00fcr Friedh\u00f6fe, Jos\u00e9 Benito Alonso, f\u00fcgt hinzu, dass &#8222;wir mit dieser Renovierung nicht nur die Sicherheit auf dem Gel\u00e4nde verbessern, insbesondere bei schlechten Lichtverh\u00e4ltnissen, sondern auch der Verpflichtung der Stadtverwaltung nachkommen, die \u00f6ffentlichen R\u00e4ume, die Teil unseres Gemeinschaftslebens sind, in optimalem Zustand zu erhalten&#8220;.<\/span><\/p>\n<p><span>Der B\u00fcrgermeister von P\u00e1jara, Alejandro Jorge, betonte seinerseits das Engagement der Regierungsgruppe f\u00fcr die Verbesserung der kommunalen Dienstleistungen. &#8222;Wir investieren weiterhin in moderne, effiziente und umweltfreundliche Infrastrukturen&#8220;, sagte er.   <\/span><\/p>\n<p><span>Neben der neuen Leuchte wurden auch die Verkabelung und die Schalttafeln erneuert, um den Energieverbrauch und die Lebensdauer der Anlage zu verbessern. Auf diese Weise wird das Rathaus im Rahmen seiner Strategie zur Renovierung und Instandhaltung der Infrastruktur weitere Verbesserungen an anderen \u00f6ffentlichen Pl\u00e4tzen in P\u00e1jara vornehmen.   <\/span><\/p>\n<div>Teilen Sie<\/div>\n<\/div>\n","protected":false},"excerpt":{"rendered":"<p><i>Das Unternehmen investiert mehr als 83.000 Euro in neue LED-Leuchten und die Modernisierung des Stromnetzes  <\/i><\/p>\n","protected":false},"author":1,"featured_media":612,"comment_status":"open","ping_status":"open","sticky":false,"template":"","format":"standard","meta":{"inline_featured_image":false,"jnews-multi-image_gallery":[],"jnews_single_post":[],"jnews_primary_category":[],"jnews_social_meta":[],"jnews_override_counter":[],"jnews_post_split":[],"footnotes":""},"categories":[297],"tags":[196,254,197,199],"class_list":["post-1092","post","type-post","status-publish","format-standard","has-post-thumbnail","hentry","category-pajara-de","tag-gemeinden","tag-infrastruktur","tag-offentliche-dienste","tag-umwelt"],"jetpack_featured_media_url":"https:\/\/informacionlocal.es\/wp-content\/uploads\/2025\/04\/cementerio.png","_links":{"self":[{"href":"https:\/\/informacionlocal.es\/de\/wp-json\/wp\/v2\/posts\/1092","targetHints":{"allow":["GET"]}}],"collection":[{"href":"https:\/\/informacionlocal.es\/de\/wp-json\/wp\/v2\/posts"}],"about":[{"href":"https:\/\/informacionlocal.es\/de\/wp-json\/wp\/v2\/types\/post"}],"author":[{"embeddable":true,"href":"https:\/\/informacionlocal.es\/de\/wp-json\/wp\/v2\/users\/1"}],"replies":[{"embeddable":true,"href":"https:\/\/informacionlocal.es\/de\/wp-json\/wp\/v2\/comments?post=1092"}],"version-history":[{"count":1,"href":"https:\/\/informacionlocal.es\/de\/wp-json\/wp\/v2\/posts\/1092\/revisions"}],"predecessor-version":[{"id":1670,"href":"https:\/\/informacionlocal.es\/de\/wp-json\/wp\/v2\/posts\/1092\/revisions\/1670"}],"wp:featuredmedia":[{"embeddable":true,"href":"https:\/\/informacionlocal.es\/de\/wp-json\/wp\/v2\/media\/612"}],"wp:attachment":[{"href":"https:\/\/informacionlocal.es\/de\/wp-json\/wp\/v2\/media?parent=1092"}],"wp:term":[{"taxonomy":"category","embeddable":true,"href":"https:\/\/informacionlocal.es\/de\/wp-json\/wp\/v2\/categories?post=1092"},{"taxonomy":"post_tag","embeddable":true,"href":"https:\/\/informacionlocal.es\/de\/wp-json\/wp\/v2\/tags?post=1092"}],"curies":[{"name":"wp","href":"https:\/\/api.w.org\/{rel}","templated":true}]}}