{"id":10885,"date":"2025-09-16T18:59:18","date_gmt":"2025-09-16T17:59:18","guid":{"rendered":"https:\/\/informacionlocal.es\/los-caminantes-de-antigua-ya-pueden-inscribirse-a-la-nueva-ruta-hacia-morro-janana-y-agua-de-bueyes\/"},"modified":"2025-09-16T18:59:18","modified_gmt":"2025-09-16T17:59:18","slug":"los-caminantes-de-antigua-ya-pueden-inscribirse-a-la-nueva-ruta-hacia-morro-janana-y-agua-de-bueyes","status":"publish","type":"post","link":"https:\/\/informacionlocal.es\/de\/los-caminantes-de-antigua-ya-pueden-inscribirse-a-la-nueva-ruta-hacia-morro-janana-y-agua-de-bueyes\/","title":{"rendered":"Los caminantes de Antigua ya pueden inscribirse a la nueva ruta hacia Morro Janana y Agua de Bueyes"},"content":{"rendered":"<div class=\"elementor-widget-container\">\n<p><strong>Los caminantes de Antigua ya pueden inscribirse a la nueva ruta hacia Morro Janana y Agua de Bueyes<\/strong><\/p>\n<p><strong>\u2022 Inscripci\u00f3n gratuita con plazo hasta el 22 de septiembre por Registro de Entrada en Antigua, Caleta de Fuste o Sede Electr\u00f3nica, dando preferencia a residentes en el Municipio. <\/strong><br \/><strong>\u2022 La ruta se celebra el s\u00e1bado 27 de septiembre recorriendo camino desde Antigua a Morro Janana y finalizando en Agua de Bueyes. <\/strong><br \/><strong>\u2022 La nueva ruta forma parte de las siete propuestas en el programa coordinado por las concejal\u00edas de Deporte y Juventud, Antigua se mueve, describi\u00e9ndose esta \u00faltima como de dificultad alta recorriendo m\u00e1s o menos en 5 horas, 14 kil\u00f3metros de sendero.<\/strong><\/p>\n<p>El Ayuntamiento de Antigua desde las concejal\u00edas de Deportes y Juventud propone una nueva ruta de senderismo desde Antigua a Morro Janana y finalizando en Agua de Bueyes.<\/p>\n<p>Una ruta que forma parte del programa de senderismo Antigua se mueve, que propone un total de siete rutas, siendo la pen\u00faltima la propuesta para el pr\u00f3ximo s\u00e1bado 27 de septiembre, un recorrido de 14 kil\u00f3metros que supone un reto para los y las senderistas m\u00e1s atrevidos, se\u00f1ala el concejal de Deportes, Samuel Torres.<\/p>\n<p>El concejal de Juventud, Pedro M. Armas recuerda que la inscripci\u00f3n a cualquiera de las rutas de senderismo siempre es gratuita, y puede formalizarse en los Registros de Entrada del Ayuntamiento de Antigua, Tenencia de Alcald\u00eda en Caleta de Fuste o por Sede Electr\u00f3nica en la web www.ayto-antigua.es<\/p>\n<p>Como en cada ruta organizada, el Ayuntamiento de Antigua, facilita desplazamientos, un gu\u00eda que indica el camino a seguir contando adem\u00e1s todas sus caracter\u00edsticas y an\u00e9cdotas, afirma el alcalde, Mat\u00edas Pe\u00f1a Garc\u00eda, que a\u00f1ade, as\u00ed como propone un encuentro final de todos los participantes alrededor de una mesa completa con platos t\u00edpicos canarios que repone las fuerzas y anima a compartir los momentos vividos en ruta.<\/p>\n<\/div>\n","protected":false},"excerpt":{"rendered":"<p><strong>Los caminantes de Antigua ya pueden inscribirse a la nueva ruta hacia Morro Janana y Agua de Bueyes<\/strong><\/p>\n","protected":false},"author":1,"featured_media":10887,"comment_status":"open","ping_status":"open","sticky":false,"template":"","format":"standard","meta":{"inline_featured_image":false,"jnews-multi-image_gallery":[],"jnews_single_post":[],"jnews_primary_category":[],"jnews_social_meta":[],"jnews_override_counter":[],"jnews_post_split":[],"footnotes":""},"categories":[59],"tags":[],"class_list":["post-10885","post","type-post","status-publish","format-standard","has-post-thumbnail","hentry","category-antigua"],"jetpack_featured_media_url":"https:\/\/informacionlocal.es\/wp-content\/uploads\/2025\/09\/cartel-antigua-se-mueve-2025-final-scaled-1.jpg","_links":{"self":[{"href":"https:\/\/informacionlocal.es\/de\/wp-json\/wp\/v2\/posts\/10885","targetHints":{"allow":["GET"]}}],"collection":[{"href":"https:\/\/informacionlocal.es\/de\/wp-json\/wp\/v2\/posts"}],"about":[{"href":"https:\/\/informacionlocal.es\/de\/wp-json\/wp\/v2\/types\/post"}],"author":[{"embeddable":true,"href":"https:\/\/informacionlocal.es\/de\/wp-json\/wp\/v2\/users\/1"}],"replies":[{"embeddable":true,"href":"https:\/\/informacionlocal.es\/de\/wp-json\/wp\/v2\/comments?post=10885"}],"version-history":[{"count":0,"href":"https:\/\/informacionlocal.es\/de\/wp-json\/wp\/v2\/posts\/10885\/revisions"}],"wp:featuredmedia":[{"embeddable":true,"href":"https:\/\/informacionlocal.es\/de\/wp-json\/wp\/v2\/media\/10887"}],"wp:attachment":[{"href":"https:\/\/informacionlocal.es\/de\/wp-json\/wp\/v2\/media?parent=10885"}],"wp:term":[{"taxonomy":"category","embeddable":true,"href":"https:\/\/informacionlocal.es\/de\/wp-json\/wp\/v2\/categories?post=10885"},{"taxonomy":"post_tag","embeddable":true,"href":"https:\/\/informacionlocal.es\/de\/wp-json\/wp\/v2\/tags?post=10885"}],"curies":[{"name":"wp","href":"https:\/\/api.w.org\/{rel}","templated":true}]}}