{"id":1088,"date":"2025-04-10T17:26:29","date_gmt":"2025-04-10T17:26:29","guid":{"rendered":"https:\/\/informacionlocal.es\/pajara-reinigt-den-strand-von-el-matorral-in-rekordzeit-nach-den-dreharbeiten-zu-la-reina-del-flow\/"},"modified":"2025-04-14T10:01:36","modified_gmt":"2025-04-14T10:01:36","slug":"pajara-reinigt-den-strand-von-el-matorral-in-rekordzeit-nach-den-dreharbeiten-zu-la-reina-del-flow","status":"publish","type":"post","link":"https:\/\/informacionlocal.es\/de\/pajara-reinigt-den-strand-von-el-matorral-in-rekordzeit-nach-den-dreharbeiten-zu-la-reina-del-flow\/","title":{"rendered":"P\u00e1jara reinigt den Strand von El Matorral in Rekordzeit nach den Dreharbeiten zu &#8222;La Reina del Flow&#8220;."},"content":{"rendered":"<div class=\"entry-content\">\n<p><b><i>Die R\u00e4te f\u00fcr Umwelt und Str\u00e4nde koordinieren sich, um den Strand nach Abschluss der Dreharbeiten in perfektem Zustand zu hinterlassen.  <\/i><\/b><\/p>\n<p><span>Die Stadtverwaltung von P\u00e1jara hat \u00fcber die Abteilungen Umwelt und Str\u00e4nde Reinigungsarbeiten am Strand von El Matorral nach den Dreharbeiten zur Serie &#8222;La Reina del Flow&#8220; durchgef\u00fchrt. In den fr\u00fchen Morgenstunden des Donnerstags, 3. April, haben die Mitarbeiter der Abteilungen Umwelt und Str\u00e4nde hart gearbeitet, um den Strand wieder in einen optimalen Zustand zu versetzen.   <\/span><\/p>\n<p><span>Die Feierlichkeiten anl\u00e4sslich der Dreharbeiten zu &#8222;La Reina del Flow&#8220; waren ein gro\u00dfer Erfolg f\u00fcr die Gemeinde P\u00e1jara und die Insel Fuerteventura. Mehr als 12.000 Menschen besuchten den Strand von El Matorral, um die Dreharbeiten zur letzten Folge der dritten Staffel dieser erfolgreichen Serie, die weltweit Millionen von Zuschauern hat, mitzuerleben.   <\/span><\/p>\n<p><span>Nach Abschluss der Dreharbeiten und dem Aufbau der B\u00fchne bestand eine der Verpflichtungen der Gemeindeverwaltung von P\u00e1jara darin, das Gel\u00e4nde nach Abschluss der Arbeiten in einem einwandfreien Zustand zu hinterlassen.  <\/span><\/p>\n<p><span>Die Stadtr\u00e4tin f\u00fcr Umwelt, \u00c1ngeles Acosta, betont, wie wichtig es ist, die verschiedenen st\u00e4dtischen Dienste zu koordinieren, um eine effiziente Reaktion in Rekordzeit zu erreichen. &#8222;An einem Tag eine Aktion zu veranstalten und am n\u00e4chsten Tag alles sauber zu haben, ist eine Aufgabe, die wir allen Arbeitern, die an dieser Aktion teilgenommen haben, anerkennen m\u00fcssen&#8220;, betont sie.   <\/span><\/p>\n<p><span>Der Stadtrat f\u00fcr Str\u00e4nde, Raimundo Dacosta, h\u00e4lt es f\u00fcr wichtig, dass die Umwelt und die Str\u00e4nde in einem perfekten Zustand gehalten werden, unabh\u00e4ngig von den Aktivit\u00e4ten oder Veranstaltungen, die stattfinden. &#8222;Die Dreharbeiten zu &#8218;La Reina del Flow&#8216; waren ein Erfolg, nicht nur in Bezug auf die Teilnahme, sondern auch in Bezug auf die Organisation und die anschlie\u00dfende Reinigung&#8220;, sagt er.   <\/span><\/p>\n<p><span>Diese Art von Aktivit\u00e4ten kommt nicht nur der lokalen Wirtschaft zugute, sondern unterstreicht auch das Engagement der Stadtverwaltung f\u00fcr Nachhaltigkeit und Qualit\u00e4t bei der Pflege der nat\u00fcrlichen Umwelt in der Gemeinde.<\/span><\/p>\n<p><img loading=\"lazy\" decoding=\"async\" loading=\"lazy\" class=\"alignnone size-medium wp-image-19997\" src=\"https:\/\/informacionlocal.es\/wp-content\/uploads\/2025\/04\/whatsapp-image-2025-04-03-at-14-03-51-169x300-1.jpeg\" width=\"169\" height=\"300\" title=\"whatsapp-image-2025-04-03-at-14-03-51-169x300-1\"><img loading=\"lazy\" decoding=\"async\" loading=\"lazy\" class=\"alignnone size-medium wp-image-19995\" src=\"https:\/\/informacionlocal.es\/wp-content\/uploads\/2025\/04\/whatsapp-image-2025-04-03-at-14-03-50-300x225-1.jpeg\" width=\"300\" height=\"225\" title=\"whatsapp-image-2025-04-03-at-14-03-50-300x225-1\"><\/p>\n<div>Teilen Sie<\/div>\n<\/div>\n","protected":false},"excerpt":{"rendered":"<p><i>Die R\u00e4te f\u00fcr Umwelt und Str\u00e4nde koordinieren sich, um den Strand nach Abschluss der Dreharbeiten in perfektem Zustand zu hinterlassen.  <\/i><\/p>\n","protected":false},"author":1,"featured_media":648,"comment_status":"open","ping_status":"open","sticky":false,"template":"","format":"standard","meta":{"inline_featured_image":false,"jnews-multi-image_gallery":[],"jnews_single_post":[],"jnews_primary_category":[],"jnews_social_meta":[],"jnews_override_counter":[],"jnews_post_split":[],"footnotes":""},"categories":[297],"tags":[216,196,217,199,237],"class_list":["post-1088","post","type-post","status-publish","format-standard","has-post-thumbnail","hentry","category-pajara-de","tag-fuerteventura-de","tag-gemeinden","tag-kultur-und-freizeit","tag-umwelt","tag-veranstaltungen"],"jetpack_featured_media_url":"https:\/\/informacionlocal.es\/wp-content\/uploads\/2025\/04\/whatsapp-image-2025-04-03-at-14-03-51-1-e1743697119805.jpeg","_links":{"self":[{"href":"https:\/\/informacionlocal.es\/de\/wp-json\/wp\/v2\/posts\/1088","targetHints":{"allow":["GET"]}}],"collection":[{"href":"https:\/\/informacionlocal.es\/de\/wp-json\/wp\/v2\/posts"}],"about":[{"href":"https:\/\/informacionlocal.es\/de\/wp-json\/wp\/v2\/types\/post"}],"author":[{"embeddable":true,"href":"https:\/\/informacionlocal.es\/de\/wp-json\/wp\/v2\/users\/1"}],"replies":[{"embeddable":true,"href":"https:\/\/informacionlocal.es\/de\/wp-json\/wp\/v2\/comments?post=1088"}],"version-history":[{"count":1,"href":"https:\/\/informacionlocal.es\/de\/wp-json\/wp\/v2\/posts\/1088\/revisions"}],"predecessor-version":[{"id":1666,"href":"https:\/\/informacionlocal.es\/de\/wp-json\/wp\/v2\/posts\/1088\/revisions\/1666"}],"wp:featuredmedia":[{"embeddable":true,"href":"https:\/\/informacionlocal.es\/de\/wp-json\/wp\/v2\/media\/648"}],"wp:attachment":[{"href":"https:\/\/informacionlocal.es\/de\/wp-json\/wp\/v2\/media?parent=1088"}],"wp:term":[{"taxonomy":"category","embeddable":true,"href":"https:\/\/informacionlocal.es\/de\/wp-json\/wp\/v2\/categories?post=1088"},{"taxonomy":"post_tag","embeddable":true,"href":"https:\/\/informacionlocal.es\/de\/wp-json\/wp\/v2\/tags?post=1088"}],"curies":[{"name":"wp","href":"https:\/\/api.w.org\/{rel}","templated":true}]}}