{"id":1083,"date":"2025-04-10T17:20:25","date_gmt":"2025-04-10T17:20:25","guid":{"rendered":"https:\/\/informacionlocal.es\/la-oliva-foerdert-weiterhin-die-kreislaufwirtschaft-in-feaga\/"},"modified":"2025-04-14T10:00:11","modified_gmt":"2025-04-14T10:00:11","slug":"la-oliva-foerdert-weiterhin-die-kreislaufwirtschaft-in-feaga","status":"publish","type":"post","link":"https:\/\/informacionlocal.es\/de\/la-oliva-foerdert-weiterhin-die-kreislaufwirtschaft-in-feaga\/","title":{"rendered":"La Oliva f\u00f6rdert weiterhin die Kreislaufwirtschaft in Feaga"},"content":{"rendered":"<p>Die Stadtverwaltung von La Oliva f\u00f6rdert \u00fcber die Abteilung f\u00fcr den Prim\u00e4rsektor unter der Leitung von Rub\u00e9n Gonz\u00e1lez die Verbindung des lokalen Produkts mit dem Tourismussektor im Rahmen der Feaga. Durch die neue Vermittlerfigur zwischen den Fachleuten des Prim\u00e4rsektors und dem Bereich der Restaurierung und der Hotelkomplexe f\u00f6rdert das Konsistorium die Arbeit der Landwirte, Viehz\u00fcchter und Fischer auf dem traditionellen Treffen in Pozo Negro vom 4. bis 6. April.   <\/p>\n<p>In diesem Sinne wird der Stand von La Oliva mit den charakteristischsten Produkten der Gemeinde wie K\u00e4se, Wein und Fleisch gef\u00fcllt sein, die w\u00e4hrend der Tage in verschiedenen Ausstellungen pr\u00e4sentiert werden und die Aufmerksamkeit der Besucher des Treffens auf sich ziehen werden. Es sei auch darauf hingewiesen, dass der Stand, der auf der Feaga pr\u00e4sentiert wird, ein umweltbewusster Punkt ist, da er wiederverwendbare Elemente f\u00fcr die Verkostung der lokalen Produkte verwendet. <\/p>\n<p>Der B\u00fcrgermeister von La Oliva, Isa\u00ed Blanco, unterstreicht die Notwendigkeit, einen Sektor wie den Prim\u00e4rsektor zu unterst\u00fctzen: &#8222;Wir d\u00fcrfen nicht vergessen, dass Fischerei, Viehzucht und Landwirtschaft in der Vergangenheit unsere wichtigste Wirtschaftsquelle waren. Auch heute noch gibt es viele Menschen, die sich diesem Sektor widmen und unserer Gemeinde ein unvergleichliches lokales Produkt bescheren, das es verdient, nicht nur in Feaga, sondern auch in der heutigen Wirtschaft von La Oliva weiter gef\u00f6rdert zu werden&#8220;.  <\/p>\n<p>Der Stadtrat f\u00fcr den prim\u00e4ren Sektor, Rub\u00e9n Gonz\u00e1lez, erkl\u00e4rt au\u00dferdem, wie wichtig es ist, dass es im Departement eine Instanz gibt, die diese F\u00f6rderung vorantreibt: &#8222;Mit dieser neuen Einrichtung tun wir etwas, das es bisher nicht gab, denn wir stellen eine Verbindungsstelle zwischen den Mitgliedern des prim\u00e4ren Sektors der Gemeinde und den Tourismusunternehmen her. Dadurch entsteht eine Synergie zwischen den beiden Bereichen, so dass der eine Sektor f\u00fcr den anderen arbeiten kann. Feaga ist das beste Schaufenster f\u00fcr diesen neuen Ansatz und f\u00fcr die weitere F\u00f6rderung der reichhaltigen lokalen Produkte, die La Oliva so einzigartig machen&#8220;.<\/p>\n<p>Diese Ma\u00dfnahme entspricht dem Willen der Regierungsfraktion, ihr Engagement f\u00fcr den Fischerei-, Viehzucht- und Landwirtschaftssektor aufrechtzuerhalten, dessen wirtschaftliche M\u00f6glichkeiten zu st\u00e4rken und so das lokale Produkt bei den Tourismusunternehmen der Gemeinde zu f\u00f6rdern.<\/p>\n","protected":false},"excerpt":{"rendered":"<p><span>Das Konsistorium nutzt die Veranstaltung, um die Verbindung zwischen dem Prim\u00e4rsektor und dem Tourismussektor fortzusetzen.<\/span><\/p>\n","protected":false},"author":1,"featured_media":645,"comment_status":"open","ping_status":"open","sticky":false,"template":"","format":"standard","meta":{"inline_featured_image":false,"jnews-multi-image_gallery":[],"jnews_single_post":[],"jnews_primary_category":[],"jnews_social_meta":[],"jnews_override_counter":[],"jnews_post_split":[],"footnotes":""},"categories":[291],"tags":[216,196,217,199,237],"class_list":["post-1083","post","type-post","status-publish","format-standard","has-post-thumbnail","hentry","category-la-oliva-de","tag-fuerteventura-de","tag-gemeinden","tag-kultur-und-freizeit","tag-umwelt","tag-veranstaltungen"],"jetpack_featured_media_url":"https:\/\/informacionlocal.es\/wp-content\/uploads\/2025\/04\/5178_d4e8e016.png","_links":{"self":[{"href":"https:\/\/informacionlocal.es\/de\/wp-json\/wp\/v2\/posts\/1083","targetHints":{"allow":["GET"]}}],"collection":[{"href":"https:\/\/informacionlocal.es\/de\/wp-json\/wp\/v2\/posts"}],"about":[{"href":"https:\/\/informacionlocal.es\/de\/wp-json\/wp\/v2\/types\/post"}],"author":[{"embeddable":true,"href":"https:\/\/informacionlocal.es\/de\/wp-json\/wp\/v2\/users\/1"}],"replies":[{"embeddable":true,"href":"https:\/\/informacionlocal.es\/de\/wp-json\/wp\/v2\/comments?post=1083"}],"version-history":[{"count":1,"href":"https:\/\/informacionlocal.es\/de\/wp-json\/wp\/v2\/posts\/1083\/revisions"}],"predecessor-version":[{"id":1612,"href":"https:\/\/informacionlocal.es\/de\/wp-json\/wp\/v2\/posts\/1083\/revisions\/1612"}],"wp:featuredmedia":[{"embeddable":true,"href":"https:\/\/informacionlocal.es\/de\/wp-json\/wp\/v2\/media\/645"}],"wp:attachment":[{"href":"https:\/\/informacionlocal.es\/de\/wp-json\/wp\/v2\/media?parent=1083"}],"wp:term":[{"taxonomy":"category","embeddable":true,"href":"https:\/\/informacionlocal.es\/de\/wp-json\/wp\/v2\/categories?post=1083"},{"taxonomy":"post_tag","embeddable":true,"href":"https:\/\/informacionlocal.es\/de\/wp-json\/wp\/v2\/tags?post=1083"}],"curies":[{"name":"wp","href":"https:\/\/api.w.org\/{rel}","templated":true}]}}