{"id":10805,"date":"2025-09-15T12:58:38","date_gmt":"2025-09-15T11:58:38","guid":{"rendered":"https:\/\/informacionlocal.es\/el-cabildo-de-fuerteventura-impulsa-una-jornada-de-lucha-adaptada-para-fomentar-la-inclusion\/"},"modified":"2025-09-15T12:58:38","modified_gmt":"2025-09-15T11:58:38","slug":"el-cabildo-de-fuerteventura-impulsa-una-jornada-de-lucha-adaptada-para-fomentar-la-inclusion","status":"publish","type":"post","link":"https:\/\/informacionlocal.es\/de\/el-cabildo-de-fuerteventura-impulsa-una-jornada-de-lucha-adaptada-para-fomentar-la-inclusion\/","title":{"rendered":"El Cabildo de Fuerteventura impulsa una Jornada de Lucha Adaptada para fomentar la inclusi\u00f3n"},"content":{"rendered":"<div class=\"entry-content\"><strong>15 septiembre, 2025<\/strong><\/p>\n<p><strong><em>Una iniciativa que re\u00fane tradici\u00f3n, deporte y accesibilidad en igualdad de condiciones<\/em><\/strong><\/p>\n<p>El Cabildo de Fuerteventura, a trav\u00e9s de las consejer\u00edas de Accesibilidad y Deportes, han celebrado una jornada de lucha canaria adapta, con la colaboraci\u00f3n de la Asociaci\u00f3n de Personas con Discapacidad Visual y Auditiva \u2018Adivia Fuerteventura\u2019 y la Federaci\u00f3n Insular de Lucha Canaria.<\/p>\n<p>La actividad inclusiva, desarrollada en el terrero de lucha de Puerto del Rosario, ha estado enfocada en acercar el deporte tradicional a la ciudadan\u00eda, con especial atenci\u00f3n a las personas con diversidad funcional.<\/p>\n<p>El taller estuvo dividido en dos partes: una te\u00f3rica, en la que se explicaron las principales t\u00e9cnicas de lucha, y una parte pr\u00e1ctica, donde los participantes realizaron una exhibici\u00f3n de lucha canaria junto a profesionales de equipos de Fuerteventura.<\/p>\n<p>Los consejeros de Accesibilidad, Carmen Alonso, y Deportes, Luis Gonz\u00e1lez, han destacado la coordinaci\u00f3n entre ambas \u00e1reas insulares para seguir fomentando el deporte inclusivo, y agradecieron la colaboraci\u00f3n de Adivia y la Federaci\u00f3n de Lucha Canaria de Fuerteventura.\u00a0<\/p>\n<\/div>\n","protected":false},"excerpt":{"rendered":"<p>15 septiembre, 2025 Una iniciativa que re\u00fane tradici\u00f3n, deporte y accesibilidad en igualdad de condiciones El Cabildo de Fuerteventura, a trav\u00e9s de las consejer\u00edas de Accesibilidad y Deportes, han celebrado [&hellip;]<\/p>\n","protected":false},"author":1,"featured_media":10807,"comment_status":"open","ping_status":"open","sticky":false,"template":"","format":"standard","meta":{"inline_featured_image":false,"jnews-multi-image_gallery":[],"jnews_single_post":[],"jnews_primary_category":[],"jnews_social_meta":[],"jnews_override_counter":[],"jnews_post_split":[],"footnotes":""},"categories":[58],"tags":[82],"class_list":["post-10805","post","type-post","status-publish","format-standard","has-post-thumbnail","hentry","category-cabildo","tag-fuerteventura"],"jetpack_featured_media_url":"https:\/\/informacionlocal.es\/wp-content\/uploads\/2025\/09\/lucha-adaptada-2.jpeg","_links":{"self":[{"href":"https:\/\/informacionlocal.es\/de\/wp-json\/wp\/v2\/posts\/10805","targetHints":{"allow":["GET"]}}],"collection":[{"href":"https:\/\/informacionlocal.es\/de\/wp-json\/wp\/v2\/posts"}],"about":[{"href":"https:\/\/informacionlocal.es\/de\/wp-json\/wp\/v2\/types\/post"}],"author":[{"embeddable":true,"href":"https:\/\/informacionlocal.es\/de\/wp-json\/wp\/v2\/users\/1"}],"replies":[{"embeddable":true,"href":"https:\/\/informacionlocal.es\/de\/wp-json\/wp\/v2\/comments?post=10805"}],"version-history":[{"count":0,"href":"https:\/\/informacionlocal.es\/de\/wp-json\/wp\/v2\/posts\/10805\/revisions"}],"wp:featuredmedia":[{"embeddable":true,"href":"https:\/\/informacionlocal.es\/de\/wp-json\/wp\/v2\/media\/10807"}],"wp:attachment":[{"href":"https:\/\/informacionlocal.es\/de\/wp-json\/wp\/v2\/media?parent=10805"}],"wp:term":[{"taxonomy":"category","embeddable":true,"href":"https:\/\/informacionlocal.es\/de\/wp-json\/wp\/v2\/categories?post=10805"},{"taxonomy":"post_tag","embeddable":true,"href":"https:\/\/informacionlocal.es\/de\/wp-json\/wp\/v2\/tags?post=10805"}],"curies":[{"name":"wp","href":"https:\/\/api.w.org\/{rel}","templated":true}]}}