{"id":10799,"date":"2025-09-15T11:59:26","date_gmt":"2025-09-15T10:59:26","guid":{"rendered":"https:\/\/informacionlocal.es\/las-jornadas-de-estudios-sobre-fuerteventura-y-lanzarote-alcanzan-las-veinte-ediciones\/"},"modified":"2025-09-15T11:59:26","modified_gmt":"2025-09-15T10:59:26","slug":"las-jornadas-de-estudios-sobre-fuerteventura-y-lanzarote-alcanzan-las-veinte-ediciones","status":"publish","type":"post","link":"https:\/\/informacionlocal.es\/de\/las-jornadas-de-estudios-sobre-fuerteventura-y-lanzarote-alcanzan-las-veinte-ediciones\/","title":{"rendered":"Las Jornadas de Estudios sobre Fuerteventura y Lanzarote alcanzan las veinte ediciones"},"content":{"rendered":"<div class=\"entry-content\"><strong>15 septiembre, 2025<\/strong><\/p>\n<p><strong><em>El encuentro se celebrar\u00e1 del 23 al 26 de septiembre en el Palacio de Formaci\u00f3n y Congresos de Fuerteventura<\/em><\/strong><\/p>\n<p><strong><em>Esta edici\u00f3n cuenta con la participaci\u00f3n de investigadores en cinco \u00e1mbitos de estudio<\/em><\/strong><\/p>\n<p>Las XX Jornadas de Estudio sobre Fuerteventura y Lanzarote se celebran del 23 al 26 de septiembre en el Palacio de Formaci\u00f3n y Congresos de Fuerteventura, cuya organizaci\u00f3n le corresponde este a\u00f1o al Cabildo de Fuerteventura, desde el Archivo General Insular.<\/p>\n<p>Las jornadas alcanzan este a\u00f1o su vig\u00e9sima edici\u00f3n, consolid\u00e1ndose como una de las citas culturales y acad\u00e9micas m\u00e1s relevantes de las islas orientales del Archipi\u00e9lago. Nacidas en 1984, las jornadas fueron promovidas desde el Archivo Hist\u00f3rico de Fuerteventura y creadas por los cabildos de Fuerteventura y Lanzarote para paliar la escasa bibliograf\u00eda y el limitado conocimiento existente sobre dichas islas. Las jornadas se celebran cada dos a\u00f1os y alternan su sede entre ambas islas.<\/p>\n<p>En esta ocasi\u00f3n, se presentan 48 trabajos en las \u00e1reas de Historia, Historia del Arte, Geograf\u00eda, Lengua y Literatura y Arqueolog\u00eda.<\/p>\n<p>El consejero de Patrimonio Cultural del Cabildo de Fuerteventura, Rayco de Le\u00f3n, pone en valor unas jornadas que son todo un referente cient\u00edfico en el \u00e1mbito de las humanidades, contribuyendo a un mejor conocimiento del devenir hist\u00f3rico cultural de Fuerteventura y Lanzarote.<\/p>\n<p>La programaci\u00f3n podr\u00e1 consultarse en la p\u00e1gina web\u00a0cabildofuer.es.\u00a0<\/p>\n<\/div>\n","protected":false},"excerpt":{"rendered":"<p>15 septiembre, 2025 El encuentro se celebrar\u00e1 del 23 al 26 de septiembre en el Palacio de Formaci\u00f3n y Congresos de Fuerteventura Esta edici\u00f3n cuenta con la participaci\u00f3n de investigadores [&hellip;]<\/p>\n","protected":false},"author":1,"featured_media":10801,"comment_status":"open","ping_status":"open","sticky":false,"template":"","format":"standard","meta":{"inline_featured_image":false,"jnews-multi-image_gallery":[],"jnews_single_post":[],"jnews_primary_category":[],"jnews_social_meta":[],"jnews_override_counter":[],"jnews_post_split":[],"footnotes":""},"categories":[58],"tags":[82],"class_list":["post-10799","post","type-post","status-publish","format-standard","has-post-thumbnail","hentry","category-cabildo","tag-fuerteventura"],"jetpack_featured_media_url":"https:\/\/informacionlocal.es\/wp-content\/uploads\/2025\/09\/cf-xx-jornadas-af-digital-v2-1-1_page-0001.jpg","_links":{"self":[{"href":"https:\/\/informacionlocal.es\/de\/wp-json\/wp\/v2\/posts\/10799","targetHints":{"allow":["GET"]}}],"collection":[{"href":"https:\/\/informacionlocal.es\/de\/wp-json\/wp\/v2\/posts"}],"about":[{"href":"https:\/\/informacionlocal.es\/de\/wp-json\/wp\/v2\/types\/post"}],"author":[{"embeddable":true,"href":"https:\/\/informacionlocal.es\/de\/wp-json\/wp\/v2\/users\/1"}],"replies":[{"embeddable":true,"href":"https:\/\/informacionlocal.es\/de\/wp-json\/wp\/v2\/comments?post=10799"}],"version-history":[{"count":0,"href":"https:\/\/informacionlocal.es\/de\/wp-json\/wp\/v2\/posts\/10799\/revisions"}],"wp:featuredmedia":[{"embeddable":true,"href":"https:\/\/informacionlocal.es\/de\/wp-json\/wp\/v2\/media\/10801"}],"wp:attachment":[{"href":"https:\/\/informacionlocal.es\/de\/wp-json\/wp\/v2\/media?parent=10799"}],"wp:term":[{"taxonomy":"category","embeddable":true,"href":"https:\/\/informacionlocal.es\/de\/wp-json\/wp\/v2\/categories?post=10799"},{"taxonomy":"post_tag","embeddable":true,"href":"https:\/\/informacionlocal.es\/de\/wp-json\/wp\/v2\/tags?post=10799"}],"curies":[{"name":"wp","href":"https:\/\/api.w.org\/{rel}","templated":true}]}}