{"id":1079,"date":"2025-04-10T17:16:26","date_gmt":"2025-04-10T17:16:26","guid":{"rendered":"https:\/\/informacionlocal.es\/das-cabildo-lanciert-sein-umweltschulungsprogramm-2025\/"},"modified":"2025-04-14T10:00:52","modified_gmt":"2025-04-14T10:00:52","slug":"das-cabildo-lanciert-sein-umweltschulungsprogramm-2025","status":"publish","type":"post","link":"https:\/\/informacionlocal.es\/de\/das-cabildo-lanciert-sein-umweltschulungsprogramm-2025\/","title":{"rendered":"Das Cabildo lanciert sein Umweltschulungsprogramm 2025"},"content":{"rendered":"<div class=\"entry-content\"><strong>10 April, 2025<\/strong><\/p>\n<p><strong><em>Die Initiative wird mit einer Fachkonferenz zum Thema Nachhaltigkeit und Klimawandel eingeleitet.<\/em><\/strong><\/p>\n<p>Das Cabildo de Fuerteventura startet \u00fcber das Umweltministerium unter der Leitung von Carlos Rodr\u00edguez sein Programm von Konferenzen, Seminaren und Umweltkursen 2025. Ziel dieser Initiative ist es, die Aus- und Weiterbildung der verschiedenen gesellschaftlichen Akteure zu st\u00e4rken, die an der Bewirtschaftung von Naturgebieten, der Erhaltung der biologischen Vielfalt und der Verbesserung des Klimawandels beteiligt sind, um die Nachhaltigkeit auf der Insel zu f\u00f6rdern. <\/p>\n<p>Als erste Schulungsma\u00dfnahme findet am 22. April von 09:00 bis 13:00 Uhr im Ausbildungs- und Konferenzzentrum von Fuerteventura die 1. Technische Umweltkonferenz von Fuerteventura statt, ein Treffen, das Institutionen, Fachleute und Experten zusammenbringt, um wichtige Strategien zu Nachhaltigkeit, Kreislaufwirtschaft und Klimawandel zu diskutieren und zu entwickeln.<\/p>\n<p>Dieses Arbeits- und Reflexionsforum ist als Treffpunkt f\u00fcr den Sektor gedacht, der die Zusammenarbeit und den Gedankenaustausch zwischen den verschiedenen Akteuren im Umweltbereich f\u00f6rdern soll.<\/p>\n<p>Die Beitr\u00e4ge dieses Tages werden als Grundlage f\u00fcr die Vorbereitung der Atlantischen Umweltkonferenz CAMA 2025 dienen, die f\u00fcr den 5., 6. und 7. Juni 2025 geplant ist.<\/p>\n<p>Interessierte k\u00f6nnen sich \u00fcber den folgenden Link anmelden: https:\/\/cama2025.eventosendirecto.es\/jornada_tecnica_medioambiental#tatsu-section-eZQOCx7F-zsE<\/p>\n<p>Alle Informationen zu dieser Initiative finden Sie unter: https:\/\/www.cabildofuer.es\/cabildo\/areas-tematicas\/medio-ambiente-2<\/p>\n<p><strong><u>Reden<\/u><br \/><\/strong><strong><br \/>David Padr\u00f3n Marrero (Universit\u00e4t von La Laguna<\/strong>) &#8211; &#8222;Herausforderungen und Chancen der SDGs in der Umweltagenda der Kanarischen Inseln&#8220;.<\/p>\n<p><strong>Gustavo Pestana P\u00e9rez (Regierung der Kanarischen Inseln)<\/strong> &#8211; &#8222;Auf dem Weg zu einer widerstandsf\u00e4higen Anpassung der K\u00fcstengebiete in einem sich \u00e4ndernden Klima&#8220;.<\/p>\n<p><strong>Juan Pedro D\u00edaz Gonz\u00e1lez (ULL) &#8211;<\/strong> &#8222;Klimaprojektionen f\u00fcr das 21. Jahrhundert auf den Kanarischen Inseln&#8220;.<\/p>\n<p><strong>Jos\u00e9 Domingo Fern\u00e1ndez Herrera (Cabildo de Fuerteventura) <\/strong>&#8211; &#8222;Klimanotstand: Kanarische Inseln &#8211; Fuerteventura, Labor f\u00fcr den \u00f6kologischen und energetischen Wandel&#8220;.<\/p>\n<p><strong>                        <\/strong><\/p>\n<p><strong> <\/strong><\/p>\n<\/div>\n","protected":false},"excerpt":{"rendered":"<p><em>Die Initiative wird mit einer Fachkonferenz zum Thema Nachhaltigkeit und Klimawandel eingeleitet.<\/em><\/p>\n","protected":false},"author":1,"featured_media":642,"comment_status":"open","ping_status":"open","sticky":false,"template":"","format":"standard","meta":{"inline_featured_image":false,"jnews-multi-image_gallery":[],"jnews_single_post":[],"jnews_primary_category":[],"jnews_social_meta":[],"jnews_override_counter":[],"jnews_post_split":[],"footnotes":""},"categories":[287],"tags":[215,303,216,217,199,237],"class_list":["post-1079","post","type-post","status-publish","format-standard","has-post-thumbnail","hentry","category-cabildo-de","tag-beschaftigung-und-ausbildung","tag-eventos-de","tag-fuerteventura-de","tag-kultur-und-freizeit","tag-umwelt","tag-veranstaltungen"],"jetpack_featured_media_url":"https:\/\/informacionlocal.es\/wp-content\/uploads\/2025\/04\/ete.jpeg","_links":{"self":[{"href":"https:\/\/informacionlocal.es\/de\/wp-json\/wp\/v2\/posts\/1079","targetHints":{"allow":["GET"]}}],"collection":[{"href":"https:\/\/informacionlocal.es\/de\/wp-json\/wp\/v2\/posts"}],"about":[{"href":"https:\/\/informacionlocal.es\/de\/wp-json\/wp\/v2\/types\/post"}],"author":[{"embeddable":true,"href":"https:\/\/informacionlocal.es\/de\/wp-json\/wp\/v2\/users\/1"}],"replies":[{"embeddable":true,"href":"https:\/\/informacionlocal.es\/de\/wp-json\/wp\/v2\/comments?post=1079"}],"version-history":[{"count":1,"href":"https:\/\/informacionlocal.es\/de\/wp-json\/wp\/v2\/posts\/1079\/revisions"}],"predecessor-version":[{"id":1642,"href":"https:\/\/informacionlocal.es\/de\/wp-json\/wp\/v2\/posts\/1079\/revisions\/1642"}],"wp:featuredmedia":[{"embeddable":true,"href":"https:\/\/informacionlocal.es\/de\/wp-json\/wp\/v2\/media\/642"}],"wp:attachment":[{"href":"https:\/\/informacionlocal.es\/de\/wp-json\/wp\/v2\/media?parent=1079"}],"wp:term":[{"taxonomy":"category","embeddable":true,"href":"https:\/\/informacionlocal.es\/de\/wp-json\/wp\/v2\/categories?post=1079"},{"taxonomy":"post_tag","embeddable":true,"href":"https:\/\/informacionlocal.es\/de\/wp-json\/wp\/v2\/tags?post=1079"}],"curies":[{"name":"wp","href":"https:\/\/api.w.org\/{rel}","templated":true}]}}