{"id":10775,"date":"2025-09-12T14:59:39","date_gmt":"2025-09-12T13:59:39","guid":{"rendered":"https:\/\/informacionlocal.es\/agua-de-bueyes-celebra-sus-fiestas-con-dulces-postres-y-un-pregon-vecinal\/"},"modified":"2025-09-12T14:59:39","modified_gmt":"2025-09-12T13:59:39","slug":"agua-de-bueyes-celebra-sus-fiestas-con-dulces-postres-y-un-pregon-vecinal","status":"publish","type":"post","link":"https:\/\/informacionlocal.es\/de\/agua-de-bueyes-celebra-sus-fiestas-con-dulces-postres-y-un-pregon-vecinal\/","title":{"rendered":"Agua de Bueyes celebra sus Fiestas con dulces postres y un preg\u00f3n vecinal"},"content":{"rendered":"<div class=\"elementor-widget-container\">\n<p><strong>Agua de Bueyes celebra sus Fiestas con dulces postres y un preg\u00f3n vecinal<\/strong><\/p>\n<p><strong>\u2022 El Preg\u00f3n estuvo a cargo de los vecinos Juan Mederos Alonso y Francisco Estupi\u00f1\u00e1n De la Cruz, y la vecina F\u00e1tima Su\u00e1rez Pe\u00f1a con la colaboraci\u00f3n de los presentadores Jos\u00e9 Francisco Montesdeoca y Dunia Mederos.<\/strong><\/p>\n<p><strong>\u2022 Las Fiestas en Honor a Nuestra Se\u00f1ora de Guadalupe celebran este viernes desde las 19:30 horas la tradicional Romer\u00eda y Ofrenda desde Lomo La Mina a la plaza del pueblo, recibidos por un Baile de Taifas con La Serena y Son de anta\u00f1o.<\/strong><\/p>\n<p><strong>\u2022 Este s\u00e1bado 13, tras la Escala HiFi Infantil Gran Verbena con las actuaciones de Grupo Mambo y La Mek\u00e1nica by Tamarindos, ambos de Gran Canaria y Nuevo Klan de Fuerteventura.<\/strong><\/p>\n<p><strong>\u2022 El D\u00eda Principal de las Fiestas de Agua de Bueyes, celebra este domingo 14, tras la funci\u00f3n religiosa a las 13:00 horas, la Procesi\u00f3n en Honor a Nuestra Se\u00f1ora de Guadalupe.<\/strong><\/p>\n<p>Este jueves noche, las Fiestas de Agua de Bueyes ofrecieron un Preg\u00f3n a cargo de tres vecinos, Juan Mederos Alonso, Francisco Estupi\u00f1\u00e1n De la Cruz y F\u00e1tima Su\u00e1rez Pe\u00f1a, presentados por Dunia Mederos y Francisco Montesdeoca.<\/p>\n<p>Un Preg\u00f3n de detalle y de recuerdo, familiar y cercano, que fue precedido por el Concurso de Reposter\u00eda cuyos premios este a\u00f1o recayeron sobre los postres con sabores finales a lim\u00f3n y por supuesto, la tradicional tarta de la abuela.<\/p>\n<p>El alcalde, Mat\u00edas Pe\u00f1a Garc\u00eda, dio la bienvenida a las Fiestas en Honor a Nuestra Se\u00f1ora de Guadalupe, deseando sean disfrutadas con responsabilidad y participaci\u00f3n en cada evento festivo propuesto en el programa organizado por la concejal\u00eda de Festejos y la Comisi\u00f3n de Fiestas.<\/p>\n<p>El regidor municipal, acompa\u00f1ado del concejal de Festejos, Pedro M. Armas y Leim Lorenzo Nieves, presidenta de la Comisi\u00f3n de Fiestas hicieron entrega de placas de reconocimiento y recuerdo a los tres pregoneros, protagonistas de la noche, felicitados tambi\u00e9n por sus familiares y vecinos, en una noche en la que Laly Lean marco el ritmo del brindis a todos los asistentes.<\/p>\n<\/div>\n","protected":false},"excerpt":{"rendered":"<p><strong>Agua de Bueyes celebra sus Fiestas con dulces postres y un preg\u00f3n vecinal<\/strong><\/p>\n","protected":false},"author":1,"featured_media":10777,"comment_status":"open","ping_status":"open","sticky":false,"template":"","format":"standard","meta":{"inline_featured_image":false,"jnews-multi-image_gallery":[],"jnews_single_post":[],"jnews_primary_category":[],"jnews_social_meta":[],"jnews_override_counter":[],"jnews_post_split":[],"footnotes":""},"categories":[59],"tags":[82],"class_list":["post-10775","post","type-post","status-publish","format-standard","has-post-thumbnail","hentry","category-antigua","tag-fuerteventura"],"jetpack_featured_media_url":"https:\/\/informacionlocal.es\/wp-content\/uploads\/2025\/09\/cartel-agua-de-bueyes-viernes-scaled-1.jpg","_links":{"self":[{"href":"https:\/\/informacionlocal.es\/de\/wp-json\/wp\/v2\/posts\/10775","targetHints":{"allow":["GET"]}}],"collection":[{"href":"https:\/\/informacionlocal.es\/de\/wp-json\/wp\/v2\/posts"}],"about":[{"href":"https:\/\/informacionlocal.es\/de\/wp-json\/wp\/v2\/types\/post"}],"author":[{"embeddable":true,"href":"https:\/\/informacionlocal.es\/de\/wp-json\/wp\/v2\/users\/1"}],"replies":[{"embeddable":true,"href":"https:\/\/informacionlocal.es\/de\/wp-json\/wp\/v2\/comments?post=10775"}],"version-history":[{"count":0,"href":"https:\/\/informacionlocal.es\/de\/wp-json\/wp\/v2\/posts\/10775\/revisions"}],"wp:featuredmedia":[{"embeddable":true,"href":"https:\/\/informacionlocal.es\/de\/wp-json\/wp\/v2\/media\/10777"}],"wp:attachment":[{"href":"https:\/\/informacionlocal.es\/de\/wp-json\/wp\/v2\/media?parent=10775"}],"wp:term":[{"taxonomy":"category","embeddable":true,"href":"https:\/\/informacionlocal.es\/de\/wp-json\/wp\/v2\/categories?post=10775"},{"taxonomy":"post_tag","embeddable":true,"href":"https:\/\/informacionlocal.es\/de\/wp-json\/wp\/v2\/tags?post=10775"}],"curies":[{"name":"wp","href":"https:\/\/api.w.org\/{rel}","templated":true}]}}