{"id":10717,"date":"2025-09-11T16:58:47","date_gmt":"2025-09-11T15:58:47","guid":{"rendered":"https:\/\/informacionlocal.es\/fuerte-por-naturaleza-inicia-la-rehabilitacion-sostenible-del-paisaje-de-valle-grande\/"},"modified":"2025-09-11T16:58:47","modified_gmt":"2025-09-11T15:58:47","slug":"fuerte-por-naturaleza-inicia-la-rehabilitacion-sostenible-del-paisaje-de-valle-grande","status":"publish","type":"post","link":"https:\/\/informacionlocal.es\/de\/fuerte-por-naturaleza-inicia-la-rehabilitacion-sostenible-del-paisaje-de-valle-grande\/","title":{"rendered":"\ufeff\u2018Fuerte por Naturaleza\u2019 inicia la rehabilitaci\u00f3n sostenible del paisaje de Valle Grande"},"content":{"rendered":"<div class=\"entry-content\"><strong>11 septiembre, 2025<\/strong><\/p>\n<p><strong>\u2018Fuerte por Naturaleza\u2019 inicia la rehabilitaci\u00f3n sostenible del paisaje de Valle Grande<\/strong><\/p>\n<p><strong>Esta intervenci\u00f3n surge a propuesta de la Consejer\u00eda de Turismo y cuenta con apoyo de los Fondos Next Generation EU<\/strong><\/p>\n<p><strong>Lola Garc\u00eda: \u201cLa actuaci\u00f3n forma parte de nuestra l\u00ednea de trabajo desde el Cabildo por proteger nuestro territorio\u201d<\/strong><\/p>\n<p><strong>Marlene Figueroa: \u201cDebemos potenciar lo que ya de por s\u00ed es un gran activo para Fuerteventura y parte de nuestro patrimonio identitario: sus paisajes \u00fanicos\u201d<\/strong><\/p>\n<p>El programa \u2018Fuerte por Naturaleza\u2019 del Cabildo de Fuerteventura, a trav\u00e9s de la Consejer\u00eda de Turismo, avanza e inicia un nuevo \u00e1mbito de actuaci\u00f3n, la rehabilitaci\u00f3n sostenible del Paisaje Natural Protegido de Valle Grande, en el municipio de La Oliva, con apoyo de los Fondos Next Generation EU.<\/p>\n<p>Seg\u00fan la presidenta del Cabildo de Fuerteventura, Lola Garc\u00eda, \u201cambas actuaciones forman parte de la l\u00ednea de trabajo de la Corporaci\u00f3n insular por proteger nuestro territorio y nuestro paisaje. Se trata de acciones para recuperar el estado original del paisaje agr\u00edcola de la zona y los sistemas agrarios tradicionales como las gavias, elementos que forman parta de la identidad de Fuerteventura y que son fundamentales para el aprovechamiento del agua\u201d.<\/p>\n<p>La consejera de Turismo, Marlene Figueroa, explica que \u201cdebemos potenciar lo que ya de por s\u00ed es un gran activo para Fuerteventura y parte de nuestro patrimonio identitario: sus paisajes \u00fanicos\u201d.<\/p>\n<p>Figueroa a\u00f1ade que \u201cen el municipio de La Oliva tenemos varios ejemplos muy importantes que nos definen como majoreros y que tambi\u00e9n nos proyectan con una determinada forma de ser y de sentir a ojos del visitante\u201d.<\/p>\n<p>La rehabilitaci\u00f3n sostenible del Paisaje Natural Protegido de Valle Grande se incluye en el programa \u2018Fuerte por Naturaleza\u2019, del Plan de Sostenibilidad Tur\u00edstica en Destino, y cuenta con un presupuesto de m\u00e1s de 255.000 euros, en el marco del Plan de Recuperaci\u00f3n, Transformaci\u00f3n y Resiliencia del Gobierno de Espa\u00f1a financiado por la Uni\u00f3n Europea (Fondos Next Generation EU).<\/p>\n<p>La actuaci\u00f3n se realiza a trav\u00e9s de un encargo del Cabildo a su medio propio Gesti\u00f3n y Planeamiento Territorial y Medioambiental (Gesplan). Se actuar\u00e1 sobre una superficie de casi 277.000 metros cuadrados que acogen\u00a036 parcelas.<\/p>\n<p>El objetivo principal de esta actuaci\u00f3n es preservar y mejorar el entorno natural de Valle Grande mediante t\u00e9cnicas tradicionales de restauraci\u00f3n del paisaje, centradas en la rehabilitaci\u00f3n de muros de piedra y sistemas agr\u00edcolas tradicionales como las gavias, elementos fundamentales del paisaje y la identidad rural de Fuerteventura.<\/p>\n<p>Estas intervenciones permitir\u00e1n, adem\u00e1s de conservar el patrimonio natural, recuperar las condiciones que favorecen la retenci\u00f3n de agua y el mantenimiento de la biodiversidad local.<\/p>\n<p>Entre las actuaciones previstas destacan la limpieza y reparaci\u00f3n de muros de piedra, la restauraci\u00f3n de gavias para la captaci\u00f3n de aguas pluviales, la recuperaci\u00f3n del paisaje mediante t\u00e9cnicas sostenibles, y la eliminaci\u00f3n de elementos ajenos al entorno natural.<\/p>\n<\/div>\n","protected":false},"excerpt":{"rendered":"<p>11 septiembre, 2025 \u2018Fuerte por Naturaleza\u2019 inicia la rehabilitaci\u00f3n sostenible del paisaje de Valle Grande Esta intervenci\u00f3n surge a propuesta de la Consejer\u00eda de Turismo y cuenta con apoyo de [&hellip;]<\/p>\n","protected":false},"author":1,"featured_media":10719,"comment_status":"open","ping_status":"open","sticky":false,"template":"","format":"standard","meta":{"inline_featured_image":false,"jnews-multi-image_gallery":[],"jnews_single_post":[],"jnews_primary_category":[],"jnews_social_meta":[],"jnews_override_counter":[],"jnews_post_split":[],"footnotes":""},"categories":[58],"tags":[397,82,183,185,184],"class_list":["post-10717","post","type-post","status-publish","format-standard","has-post-thumbnail","hentry","category-cabildo","tag-fondos-next-generation","tag-fuerteventura","tag-patrimonio","tag-sostenibilidad","tag-turismo"],"jetpack_featured_media_url":"https:\/\/informacionlocal.es\/wp-content\/uploads\/2025\/09\/ssf.jpeg","_links":{"self":[{"href":"https:\/\/informacionlocal.es\/de\/wp-json\/wp\/v2\/posts\/10717","targetHints":{"allow":["GET"]}}],"collection":[{"href":"https:\/\/informacionlocal.es\/de\/wp-json\/wp\/v2\/posts"}],"about":[{"href":"https:\/\/informacionlocal.es\/de\/wp-json\/wp\/v2\/types\/post"}],"author":[{"embeddable":true,"href":"https:\/\/informacionlocal.es\/de\/wp-json\/wp\/v2\/users\/1"}],"replies":[{"embeddable":true,"href":"https:\/\/informacionlocal.es\/de\/wp-json\/wp\/v2\/comments?post=10717"}],"version-history":[{"count":0,"href":"https:\/\/informacionlocal.es\/de\/wp-json\/wp\/v2\/posts\/10717\/revisions"}],"wp:featuredmedia":[{"embeddable":true,"href":"https:\/\/informacionlocal.es\/de\/wp-json\/wp\/v2\/media\/10719"}],"wp:attachment":[{"href":"https:\/\/informacionlocal.es\/de\/wp-json\/wp\/v2\/media?parent=10717"}],"wp:term":[{"taxonomy":"category","embeddable":true,"href":"https:\/\/informacionlocal.es\/de\/wp-json\/wp\/v2\/categories?post=10717"},{"taxonomy":"post_tag","embeddable":true,"href":"https:\/\/informacionlocal.es\/de\/wp-json\/wp\/v2\/tags?post=10717"}],"curies":[{"name":"wp","href":"https:\/\/api.w.org\/{rel}","templated":true}]}}