{"id":10697,"date":"2025-09-10T18:59:50","date_gmt":"2025-09-10T17:59:50","guid":{"rendered":"https:\/\/informacionlocal.es\/puerto-del-rosario-dota-al-municipio-de-una-carpa-modular-para-impulsar-las-actividades-vecinales\/"},"modified":"2025-09-10T18:59:50","modified_gmt":"2025-09-10T17:59:50","slug":"puerto-del-rosario-dota-al-municipio-de-una-carpa-modular-para-impulsar-las-actividades-vecinales","status":"publish","type":"post","link":"https:\/\/informacionlocal.es\/de\/puerto-del-rosario-dota-al-municipio-de-una-carpa-modular-para-impulsar-las-actividades-vecinales\/","title":{"rendered":"Puerto del Rosario dota al municipio de una carpa modular para impulsar las actividades vecinales"},"content":{"rendered":"<div class=\"entry-content\">\n<ul>\n<li><span><strong>La infraestructura de 300 m\u00b2 permitir\u00e1 acercar actividades culturales, sociales y deportivas a todos los rincones del municipio.<\/strong><strong>\u00a0<\/strong><\/span><\/li>\n<\/ul>\n<p><span><strong>En Puerto del Rosario, a 10 de septiembre de 2025.-<\/strong> El Ayuntamiento de Puerto del Rosario ha adquirido una nueva carpa modular de 300 metros cuadrados (10X30), con el objetivo de potenciar y descentralizar la oferta de actividades p\u00fablicas en todos los pueblos y barrios del municipio.<\/span><\/p>\n<p><span>Esta moderna infraestructura proporcionar\u00e1 un espacio cubierto vers\u00e1til y seguro para la celebraci\u00f3n de eventos, lo que fortalecer\u00e1 la vida social y cultural, y garantizar\u00e1 una mejor cobertura de las iniciativas dirigidas a la ciudadan\u00eda independientemente de su ubicaci\u00f3n.\u00a0<\/span><\/p>\n<p><img loading=\"lazy\" decoding=\"async\" loading=\"lazy\" class=\"size-large wp-image-157003 aligncenter\" src=\"https:\/\/informacionlocal.es\/wp-content\/uploads\/2025\/09\/carpa-3-1024x768-1.jpeg\" width=\"1024\" height=\"768\" title=\"carpa-3-1024x768-1\"><\/p>\n<p><span>El alcalde de Puerto del Rosario, David de Vera, destac\u00f3 que \u201cesta inversi\u00f3n responde al compromiso del grupo de gobierno con la mejora de los recursos municipales destinados a la ciudadan\u00eda. Queremos que Puerto del Rosario cuente con los medios necesarios para garantizar la celebraci\u00f3n de actividades en las mejores condiciones posibles, generando espacios de encuentro y convivencia\u201d.<\/span><\/p>\n<p><span>Por su parte, la concejala de Participaci\u00f3n Ciudadana, Jenifer P\u00e9rez, subray\u00f3 que \u201cla carpa de 10 x 30 metros nos brinda la posibilidad de llegar a cada rinc\u00f3n del municipio, respondiendo a la creciente demanda de espacios para eventos, especialmente aquellos que promueven la participaci\u00f3n vecinal y la dinamizaci\u00f3n comunitaria. Su uso estar\u00e1 coordinado y asistido por el personal de los Servicios Municipales, para garantizar la correcta organizaci\u00f3n, montaje y funcionamiento en cada ocasi\u00f3n\u201d.<\/span><\/p>\n<p><img loading=\"lazy\" decoding=\"async\" loading=\"lazy\" class=\"size-large wp-image-157004 aligncenter\" src=\"https:\/\/informacionlocal.es\/wp-content\/uploads\/2025\/09\/carpa-2-1024x768-1.jpeg\" width=\"1024\" height=\"768\" title=\"carpa-2-1024x768-1\"><\/p>\n<p><span>Con esta adquisici\u00f3n, el Ayuntamiento de Puerto del Rosario reafirma su apuesta por poner en valor la participaci\u00f3n ciudadana, como es fundamental del desarrollo local, ampliando los recursos disponibles para fomentar la actividad social y cultural en todo el t\u00e9rmino municipal.<\/span><\/p>\n<\/div>\n","protected":false},"excerpt":{"rendered":"<p>La infraestructura de 300 m\u00b2 permitir\u00e1 acercar actividades culturales, sociales y deportivas a todos los rincones del municipio.\u00a0 En Puerto del Rosario, a 10 de septiembre de 2025.- El Ayuntamiento [&hellip;]<\/p>\n","protected":false},"author":1,"featured_media":10699,"comment_status":"open","ping_status":"open","sticky":false,"template":"","format":"standard","meta":{"inline_featured_image":false,"jnews-multi-image_gallery":[],"jnews_single_post":[],"jnews_primary_category":[],"jnews_social_meta":[],"jnews_override_counter":[],"jnews_post_split":[],"footnotes":""},"categories":[61],"tags":[69],"class_list":["post-10697","post","type-post","status-publish","format-standard","has-post-thumbnail","hentry","category-puerto-del-rosario","tag-eventos"],"jetpack_featured_media_url":"https:\/\/informacionlocal.es\/wp-content\/uploads\/2025\/09\/carpa.png","_links":{"self":[{"href":"https:\/\/informacionlocal.es\/de\/wp-json\/wp\/v2\/posts\/10697","targetHints":{"allow":["GET"]}}],"collection":[{"href":"https:\/\/informacionlocal.es\/de\/wp-json\/wp\/v2\/posts"}],"about":[{"href":"https:\/\/informacionlocal.es\/de\/wp-json\/wp\/v2\/types\/post"}],"author":[{"embeddable":true,"href":"https:\/\/informacionlocal.es\/de\/wp-json\/wp\/v2\/users\/1"}],"replies":[{"embeddable":true,"href":"https:\/\/informacionlocal.es\/de\/wp-json\/wp\/v2\/comments?post=10697"}],"version-history":[{"count":0,"href":"https:\/\/informacionlocal.es\/de\/wp-json\/wp\/v2\/posts\/10697\/revisions"}],"wp:featuredmedia":[{"embeddable":true,"href":"https:\/\/informacionlocal.es\/de\/wp-json\/wp\/v2\/media\/10699"}],"wp:attachment":[{"href":"https:\/\/informacionlocal.es\/de\/wp-json\/wp\/v2\/media?parent=10697"}],"wp:term":[{"taxonomy":"category","embeddable":true,"href":"https:\/\/informacionlocal.es\/de\/wp-json\/wp\/v2\/categories?post=10697"},{"taxonomy":"post_tag","embeddable":true,"href":"https:\/\/informacionlocal.es\/de\/wp-json\/wp\/v2\/tags?post=10697"}],"curies":[{"name":"wp","href":"https:\/\/api.w.org\/{rel}","templated":true}]}}