{"id":10691,"date":"2025-09-10T18:00:50","date_gmt":"2025-09-10T17:00:50","guid":{"rendered":"https:\/\/informacionlocal.es\/mas-de-120-ninos-y-ninas-participan-en-el-campus-deportivo-verano-divertido-de-pajara\/"},"modified":"2025-09-10T18:00:50","modified_gmt":"2025-09-10T17:00:50","slug":"mas-de-120-ninos-y-ninas-participan-en-el-campus-deportivo-verano-divertido-de-pajara","status":"publish","type":"post","link":"https:\/\/informacionlocal.es\/de\/mas-de-120-ninos-y-ninas-participan-en-el-campus-deportivo-verano-divertido-de-pajara\/","title":{"rendered":"M\u00e1s de 120 ni\u00f1os y ni\u00f1as participan en el Campus Deportivo Verano Divertido de P\u00e1jara"},"content":{"rendered":"<div class=\"entry-content\">\n<p><b>\u00a0<\/b><b><i>La actividad, dirigida a menores de entre 6 y 11 a\u00f1os, concluye despu\u00e9s de dos meses cargados de actividades para fomentar el compa\u00f1erismo, la diversi\u00f3n y el ejercicio f\u00edsico<\/i><\/b><\/p>\n<p><span>El Ayuntamiento de P\u00e1jara, a trav\u00e9s de la Concejal\u00eda de Deportes, que dirige Jos\u00e9 Benito Alonso, finaliz\u00f3 con \u00e9xito el pasado viernes, 5 de septiembre, la iniciativa Campus Deportivo Verano Divertido, con la participaci\u00f3n de m\u00e1s de 120 ni\u00f1os y ni\u00f1as de entre 6 y 11 a\u00f1os.\u00a0<\/span><\/p>\n<p><span>Los menores, que proven\u00edan de las localidades de P\u00e1jara, La Lajita, Costa Calma y Morro Jable, han practicado durante los \u00faltimos dos meses diversas actividades con las que han reforzado el compa\u00f1erismo, la diversi\u00f3n y el ejercicio f\u00edsico. Entre dichas actividades se encuentran el kayak y el f\u00fatbol. Adem\u00e1s, en el Club N\u00e1utico \u00d3ptimis Raquero se pudo disfrutar de pirag\u00fcismo, acciones de pintura de caras, taller de emociones y un campus de tecnificaci\u00f3n de balonmano, entre otros.<\/span><\/p>\n<p><span>El concejal Jos\u00e9 Benito Alonso, subraya que \u201capostar por el deporte desde edades tempranas es una herramienta de inclusi\u00f3n e integraci\u00f3n social que permite a los ni\u00f1os y ni\u00f1as disfrutar y divertirse de manera saludable\u201d.\u00a0<\/span><\/p>\n<p><span>\u201cValoramos positivamente la acogida que ha tenido el proyecto gracias a la participaci\u00f3n ciudadana y el equipo que ha hecho posible que esta iniciativa haya salido adelante. Desde un principio ten\u00edamos claro que nuestro prop\u00f3sito era proporcionar un espacio de calidad en el que ni\u00f1os y ni\u00f1as pudieran beneficiarse de un verano activo sin dejar de lado la diversi\u00f3n\u201d, se\u00f1ala.<\/span><\/p>\n<p><span>Por su parte, el alcalde de P\u00e1jara, Alejandro Jorge Moreno, resalta el valor de iniciativas que fomenten el deporte y se\u00f1ala que \u201cel objetivo del campamento ha sido ofrecer una experiencia y una alternativa de ocio centrada en la salud de los m\u00e1s peque\u00f1os y peque\u00f1as. Desde el Consistorio estamos centrados en ofrecer proyectos de calidad que refuercen la actividad f\u00edsica por su importancia para la salud de la ciudadan\u00eda\u201d.\u00a0<\/span><\/p>\n<p><span>Este tipo de acciones, llevadas a cabo desde el Ayuntamiento de P\u00e1jara, tienen como finalidad principal el fomento de una infancia activa y saludable, para que la poblaci\u00f3n m\u00e1s joven pueda disfrutar de un periodo estival de calidad.\u00a0<\/span><\/p>\n<\/div>\n","protected":false},"excerpt":{"rendered":"<p><i>La actividad, dirigida a menores de entre 6 y 11 a\u00f1os, concluye despu\u00e9s de dos meses cargados de actividades para fomentar el compa\u00f1erismo, la diversi\u00f3n y el ejercicio f\u00edsico<\/i><\/p>\n","protected":false},"author":1,"featured_media":10693,"comment_status":"open","ping_status":"open","sticky":false,"template":"","format":"standard","meta":{"inline_featured_image":false,"jnews-multi-image_gallery":[],"jnews_single_post":[],"jnews_primary_category":[],"jnews_social_meta":[],"jnews_override_counter":[],"jnews_post_split":[],"footnotes":""},"categories":[63],"tags":[72],"class_list":["post-10691","post","type-post","status-publish","format-standard","has-post-thumbnail","hentry","category-pajara","tag-integracion"],"jetpack_featured_media_url":"https:\/\/informacionlocal.es\/wp-content\/uploads\/2025\/09\/imagen-de-whatsapp-2025-09-09-a-las-12-35-59_cc6b2e34.jpg","_links":{"self":[{"href":"https:\/\/informacionlocal.es\/de\/wp-json\/wp\/v2\/posts\/10691","targetHints":{"allow":["GET"]}}],"collection":[{"href":"https:\/\/informacionlocal.es\/de\/wp-json\/wp\/v2\/posts"}],"about":[{"href":"https:\/\/informacionlocal.es\/de\/wp-json\/wp\/v2\/types\/post"}],"author":[{"embeddable":true,"href":"https:\/\/informacionlocal.es\/de\/wp-json\/wp\/v2\/users\/1"}],"replies":[{"embeddable":true,"href":"https:\/\/informacionlocal.es\/de\/wp-json\/wp\/v2\/comments?post=10691"}],"version-history":[{"count":0,"href":"https:\/\/informacionlocal.es\/de\/wp-json\/wp\/v2\/posts\/10691\/revisions"}],"wp:featuredmedia":[{"embeddable":true,"href":"https:\/\/informacionlocal.es\/de\/wp-json\/wp\/v2\/media\/10693"}],"wp:attachment":[{"href":"https:\/\/informacionlocal.es\/de\/wp-json\/wp\/v2\/media?parent=10691"}],"wp:term":[{"taxonomy":"category","embeddable":true,"href":"https:\/\/informacionlocal.es\/de\/wp-json\/wp\/v2\/categories?post=10691"},{"taxonomy":"post_tag","embeddable":true,"href":"https:\/\/informacionlocal.es\/de\/wp-json\/wp\/v2\/tags?post=10691"}],"curies":[{"name":"wp","href":"https:\/\/api.w.org\/{rel}","templated":true}]}}