{"id":1069,"date":"2025-04-10T17:12:30","date_gmt":"2025-04-10T17:12:30","guid":{"rendered":"https:\/\/informacionlocal.es\/im-auditorium-von-corralejo-wird-der-film-chico-und-rita-gezeigt\/"},"modified":"2025-04-14T10:00:18","modified_gmt":"2025-04-14T10:00:18","slug":"im-auditorium-von-corralejo-wird-der-film-chico-und-rita-gezeigt","status":"publish","type":"post","link":"https:\/\/informacionlocal.es\/de\/im-auditorium-von-corralejo-wird-der-film-chico-und-rita-gezeigt\/","title":{"rendered":"Im Auditorium von Corralejo wird der Film &#8222;Chico und Rita&#8220; gezeigt."},"content":{"rendered":"<p>Der Kulturverein Proa Norte wird in Zusammenarbeit mit der Kulturabteilung der Gemeinde La Oliva unter der Leitung von David Hern\u00e1ndez am 11. April um 20:00 Uhr im Auditorium von Corralejo den Film &#8218;Chico und Rita&#8216; vorf\u00fchren. Bei der Vorf\u00fchrung des Animationsfilms wird auch die FuerteventuraWood Band, eine Gruppe lokaler Musiker, die auf der Insel zu einer Referenz f\u00fcr Kreativit\u00e4t und k\u00fcnstlerisches Talent geworden ist, den Original-Soundtrack live spielen.   <\/p>\n<p>Der Film ist ein Werk des spanischen Animationskinos unter der Regie von Fernando Trueba, Javier Mariscal und Tono Errando. Der Film nimmt uns mit auf eine emotionale und musikalische Reise durch die Romanze zwischen Chico Vald\u00e9s, einem talentierten Pianisten, und Rita La Belle, einer charismatischen S\u00e4ngerin. Chico und Rita&#8220; spielt in den pulsierenden St\u00e4dten Havanna, Paris und New York und ist eine Hommage an den Latin Jazz und das klassische Hollywood-Kino der 1940er und 1950er Jahre. Mit einer Handlung voller Leidenschaft, Musik und Melancholie ist der Film zu einem Meilenstein des zeitgen\u00f6ssischen Animationsfilms und zu einer Hommage an die Essenz des Jazz geworden.     <\/p>\n<p>Die Veranstaltung &#8222;Direct to Projection&#8220; unterscheidet sich von den anderen Veranstaltungen dadurch, dass der Original-Soundtrack des Films live aufgef\u00fchrt wird und nicht als Aufzeichnung. Bei dieser Gelegenheit wird die FuerteventuraWood Band, bestehend aus Musikern der Insel, f\u00fcr ein einzigartiges Klangerlebnis sorgen, das die Vorf\u00fchrung des Films zweifellos bereichern wird. Die Dialoge und Soundeffekte werden beibehalten, so dass die Live-Musik die Emotionen verst\u00e4rkt, die visuelle Erz\u00e4hlung begleitet und ein v\u00f6lliges Eintauchen in das Universum von Chico und Rita erm\u00f6glicht.    <\/p>\n<p>Dieses Projekt unterstreicht die Bedeutung der Musik im Kino und zielt darauf ab, dem Publikum ein umfassendes sensorisches Erlebnis zu bieten, das eine traditionelle Filmvorf\u00fchrung in ein unvergessliches und einzigartiges kulturelles Ereignis verwandelt. Die Besucher werden in den Genuss der perfekten Verschmelzung von Kino und Live-Musik kommen &#8211; ein innovativer Vorschlag, der \u00fcber das hinausgeht, was in Kinos\u00e4len \u00fcblich ist. <\/p>\n<p>Der Kulturverein Proa Norte und die Stadtverwaltung von La Oliva bedanken sich f\u00fcr die Unterst\u00fctzung und Zusammenarbeit aller Beteiligten bei der Organisation dieser Veranstaltung, die darauf abzielt, lokale Talente zu f\u00f6rdern, die Kunst der Gemeinschaft n\u00e4her zu bringen und den Zuschauern eine bereichernde kulturelle Erfahrung zu bieten. Holen Sie sich Ihre kostenlose Eintrittskarte eine Stunde vorher an der Kasse des Auditoriums ab.   <\/p>\n<p>F\u00fcr weitere Informationen \u00fcber die Veranstaltung wenden Sie sich bitte an die Asociaci\u00f3n Cultural Proa Norte oder an die Concejal\u00eda de Cultura del Ayuntamiento de La Oliva, \u00fcber deren Website und soziale Netzwerke.<\/p>\n","protected":false},"excerpt":{"rendered":"<p><span>Die FuerteventuraWood Band spielt den Soundtrack zu diesem Animationsfilm.<\/span><\/p>\n","protected":false},"author":1,"featured_media":636,"comment_status":"open","ping_status":"open","sticky":false,"template":"","format":"standard","meta":{"inline_featured_image":false,"jnews-multi-image_gallery":[],"jnews_single_post":[],"jnews_primary_category":[],"jnews_social_meta":[],"jnews_override_counter":[],"jnews_post_split":[],"footnotes":""},"categories":[291],"tags":[216,196,217,237],"class_list":["post-1069","post","type-post","status-publish","format-standard","has-post-thumbnail","hentry","category-la-oliva-de","tag-fuerteventura-de","tag-gemeinden","tag-kultur-und-freizeit","tag-veranstaltungen"],"jetpack_featured_media_url":"https:\/\/informacionlocal.es\/wp-content\/uploads\/2025\/04\/5179_f2969016.png","_links":{"self":[{"href":"https:\/\/informacionlocal.es\/de\/wp-json\/wp\/v2\/posts\/1069","targetHints":{"allow":["GET"]}}],"collection":[{"href":"https:\/\/informacionlocal.es\/de\/wp-json\/wp\/v2\/posts"}],"about":[{"href":"https:\/\/informacionlocal.es\/de\/wp-json\/wp\/v2\/types\/post"}],"author":[{"embeddable":true,"href":"https:\/\/informacionlocal.es\/de\/wp-json\/wp\/v2\/users\/1"}],"replies":[{"embeddable":true,"href":"https:\/\/informacionlocal.es\/de\/wp-json\/wp\/v2\/comments?post=1069"}],"version-history":[{"count":1,"href":"https:\/\/informacionlocal.es\/de\/wp-json\/wp\/v2\/posts\/1069\/revisions"}],"predecessor-version":[{"id":1626,"href":"https:\/\/informacionlocal.es\/de\/wp-json\/wp\/v2\/posts\/1069\/revisions\/1626"}],"wp:featuredmedia":[{"embeddable":true,"href":"https:\/\/informacionlocal.es\/de\/wp-json\/wp\/v2\/media\/636"}],"wp:attachment":[{"href":"https:\/\/informacionlocal.es\/de\/wp-json\/wp\/v2\/media?parent=1069"}],"wp:term":[{"taxonomy":"category","embeddable":true,"href":"https:\/\/informacionlocal.es\/de\/wp-json\/wp\/v2\/categories?post=1069"},{"taxonomy":"post_tag","embeddable":true,"href":"https:\/\/informacionlocal.es\/de\/wp-json\/wp\/v2\/tags?post=1069"}],"curies":[{"name":"wp","href":"https:\/\/api.w.org\/{rel}","templated":true}]}}