{"id":10663,"date":"2025-09-10T14:01:25","date_gmt":"2025-09-10T13:01:25","guid":{"rendered":"https:\/\/informacionlocal.es\/el-ayuntamiento-frena-la-instalacion-de-la-antena-en-antigua-con-la-mediacion-del-gobierno-de-espana\/"},"modified":"2025-09-10T14:01:25","modified_gmt":"2025-09-10T13:01:25","slug":"el-ayuntamiento-frena-la-instalacion-de-la-antena-en-antigua-con-la-mediacion-del-gobierno-de-espana","status":"publish","type":"post","link":"https:\/\/informacionlocal.es\/de\/el-ayuntamiento-frena-la-instalacion-de-la-antena-en-antigua-con-la-mediacion-del-gobierno-de-espana\/","title":{"rendered":"El Ayuntamiento frena la instalaci\u00f3n de la Antena en Antigua con la mediaci\u00f3n del Gobierno de Espa\u00f1a"},"content":{"rendered":"<div class=\"elementor-widget-container\">\n<p>Nota de Prensa de Gobierno de Espa\u00f1a<\/p>\n<p><strong>\u2022 El Ayuntamiento de Antigua y la compa\u00f1\u00eda de telefon\u00eda acuerdan, con la mediaci\u00f3n de los ministros \u00d3scar L\u00f3pez y \u00c1ngel V\u00edctor Torres, la paralizaci\u00f3n de la primera ubicaci\u00f3n original planteada y el estudio de otros emplazamientos que no causen molestias a la ciudadan\u00eda.<\/strong><\/p>\n<p>Este mi\u00e9rcoles 10 de septiembre en Madrid, el alcalde de Antigua, Mat\u00edas Pe\u00f1a Garc\u00eda, ha mantenido una reuni\u00f3n con el CEO de la empresa de infraestructuras de telecomunicaciones TOTEM, Patrick Farges, con la presencia y mediaci\u00f3n del ministro para la Transformaci\u00f3n Digital y de la Funci\u00f3n P\u00fablica, \u00d3scar L\u00f3pez, el ministro de Pol\u00edtica Territorial y Memoria Democr\u00e1tica, \u00c1ngel V\u00edctor Torres y el secretario de Estado de Telecomunicaciones e Infraestructuras Digitales, Antonio Hernando.<\/p>\n<p>El resultado del encuentro ha sido el m\u00e1s satisfactorio para Antigua, se\u00f1ala el alcalde, Mat\u00edas Pe\u00f1a, parar la instalaci\u00f3n de la antena de comunicaci\u00f3n en el actual emplazamiento y buscar una nueva ubicaci\u00f3n acorde a los criterios que el Ayuntamiento de Antigua traslade a la empresa, permitiendo a su vez, restablecer la cobertura de telefon\u00eda m\u00f3vil en la localidad.<\/p>\n<p>El alcalde agradece la inmediata respuesta a su petici\u00f3n a los ministros del Gobierno de Espa\u00f1a, \u00c1ngel V\u00edctor Torres y \u00d3scar L\u00f3pez, prest\u00e1ndose a la mediaci\u00f3n para alcanzar este acuerdo ya confirmado. (Adjuntamos Nota Oficial de Prensa del Ministerio para la Transformaci\u00f3n Digital y de la Funci\u00f3n P\u00fablica).<\/p>\n<p>El Ayuntamiento felicita a los vecinos y vecinas del Municipio que logran el objetivo com\u00fan y justificado de reubicar en otro emplazamiento la antena de comunicaci\u00f3n, a su vez, concluye, agradecemos la disposici\u00f3n mostrada por la empresa instaladora Totem en esta reuni\u00f3n, que accede a reubicar la instalaci\u00f3n de la antena a un nuevo emplazamiento que permita restaurar la cobertura en la localidad, afirma el regidor municipal.<\/p>\n<\/div>\n","protected":false},"excerpt":{"rendered":"<p>Nota de Prensa de Gobierno de Espa\u00f1a \u2022 El Ayuntamiento de Antigua y la compa\u00f1\u00eda de telefon\u00eda acuerdan, con la mediaci\u00f3n de los ministros \u00d3scar L\u00f3pez y \u00c1ngel V\u00edctor Torres, [&hellip;]<\/p>\n","protected":false},"author":1,"featured_media":10665,"comment_status":"open","ping_status":"open","sticky":false,"template":"","format":"standard","meta":{"inline_featured_image":false,"jnews-multi-image_gallery":[],"jnews_single_post":[],"jnews_primary_category":[],"jnews_social_meta":[],"jnews_override_counter":[],"jnews_post_split":[],"footnotes":""},"categories":[59],"tags":[],"class_list":["post-10663","post","type-post","status-publish","format-standard","has-post-thumbnail","hentry","category-antigua"],"jetpack_featured_media_url":"https:\/\/informacionlocal.es\/wp-content\/uploads\/2025\/09\/el-alcalde-logra-parar-la-instalacion-de-la-antena-con-la-mediacion-del-gobierno-de-espana.jpg","_links":{"self":[{"href":"https:\/\/informacionlocal.es\/de\/wp-json\/wp\/v2\/posts\/10663","targetHints":{"allow":["GET"]}}],"collection":[{"href":"https:\/\/informacionlocal.es\/de\/wp-json\/wp\/v2\/posts"}],"about":[{"href":"https:\/\/informacionlocal.es\/de\/wp-json\/wp\/v2\/types\/post"}],"author":[{"embeddable":true,"href":"https:\/\/informacionlocal.es\/de\/wp-json\/wp\/v2\/users\/1"}],"replies":[{"embeddable":true,"href":"https:\/\/informacionlocal.es\/de\/wp-json\/wp\/v2\/comments?post=10663"}],"version-history":[{"count":0,"href":"https:\/\/informacionlocal.es\/de\/wp-json\/wp\/v2\/posts\/10663\/revisions"}],"wp:featuredmedia":[{"embeddable":true,"href":"https:\/\/informacionlocal.es\/de\/wp-json\/wp\/v2\/media\/10665"}],"wp:attachment":[{"href":"https:\/\/informacionlocal.es\/de\/wp-json\/wp\/v2\/media?parent=10663"}],"wp:term":[{"taxonomy":"category","embeddable":true,"href":"https:\/\/informacionlocal.es\/de\/wp-json\/wp\/v2\/categories?post=10663"},{"taxonomy":"post_tag","embeddable":true,"href":"https:\/\/informacionlocal.es\/de\/wp-json\/wp\/v2\/tags?post=10663"}],"curies":[{"name":"wp","href":"https:\/\/api.w.org\/{rel}","templated":true}]}}