{"id":10641,"date":"2025-09-09T21:59:24","date_gmt":"2025-09-09T20:59:24","guid":{"rendered":"https:\/\/informacionlocal.es\/el-ayuntamiento-de-pajara-celebra-el-mercado-de-comercio-local-y-oportunidades-en-morro-jable\/"},"modified":"2025-09-09T21:59:24","modified_gmt":"2025-09-09T20:59:24","slug":"el-ayuntamiento-de-pajara-celebra-el-mercado-de-comercio-local-y-oportunidades-en-morro-jable","status":"publish","type":"post","link":"https:\/\/informacionlocal.es\/de\/el-ayuntamiento-de-pajara-celebra-el-mercado-de-comercio-local-y-oportunidades-en-morro-jable\/","title":{"rendered":"El Ayuntamiento de P\u00e1jara celebra el Mercado de Comercio Local y Oportunidades en Morro Jable"},"content":{"rendered":"<div class=\"entry-content\">\n<p><b>\u00a0<\/b><b><i>La iniciativa, que se celebrar\u00e1 entre las calles de Nuestra Se\u00f1ora del Carmen y Diputado Manuel Vel\u00e1zquez Cabrera, tiene como objetivo fomentar la actividad comercial del municipio\u00a0<\/i><\/b><\/p>\n<p><span>El Ayuntamiento de P\u00e1jara, a trav\u00e9s de la Concejal\u00eda de Comercio, que dirige Juan Jos\u00e9 Viera, organiza el Mercado de Comercio Local y Oportunidades. Esta iniciativa se llevar\u00e1 a cabo este viernes 12 de septiembre, en la Zona Abierta de Morro Jable, entre las calles de Nuestra Se\u00f1ora del Carmen y Diputado Manuel Vel\u00e1zquez Cabrera, para impulsar la actividad comercial del municipio. El horario ser\u00e1 de 10:00 a 13:00 y de 17:00 a 20:00 horas.<\/span><\/p>\n<p><span>El responsable del \u00c1rea, Juan Jos\u00e9 Viera, anima a los vecinos, las vecinas y los visitantes de la zona a participar y agradece la aceptaci\u00f3n de los comercios, gracias a los que ha sido posible la realizaci\u00f3n de este proyecto.\u00a0<\/span><\/p>\n<p><span>De igual forma, subraya que \u201cse est\u00e1 ultimando una potente programaci\u00f3n comercial que el Consistorio anunciar\u00e1 en las pr\u00f3ximas semanas y que supondr\u00e1 un espaldarazo importante al municipio, acogiendo diversas actividades durante todo el a\u00f1o\u201d.<\/span><\/p>\n<p><span>El alcalde de P\u00e1jara, Alejandro Jorge Moreno, subraya la importancia de este tipo de iniciativas se\u00f1alando que \u201cel comercio local es uno de los pilares fundamentales para el desarrollo econ\u00f3mico y social de nuestro municipio\u201d.\u00a0<\/span><\/p>\n<p><span>\u201cCon este mercado no solo fomentamos el consumo en los negocios de proximidad, sino que tambi\u00e9n dinamizamos la Zona Comercial Abierta de Morro Jable. Desde el Ayuntamiento seguiremos impulsando acciones que generen oportunidades para nuestros empresarios y que, al mismo tiempo, mejoren la experiencia de quienes nos visitan y de nuestros vecinos y vecinas\u201d, se\u00f1ala.<\/span><\/p>\n<p><span>Este encuentro contar\u00e1 con actividades destinadas al p\u00fablico infantil, actuaciones musicales en directo y la posibilidad de adquirir productos de calidad a precios asequibles.\u00a0 Asimismo, el proyecto se enmarca dentro del compromiso del Consistorio de potenciar el negocio local del que viven numerosas familias del municipio, as\u00ed como la participaci\u00f3n en diversas actividades por parte de residentes y visitantes. <\/span><\/p>\n<\/div>\n","protected":false},"excerpt":{"rendered":"<p><i>La iniciativa, que se celebrar\u00e1 entre las calles de Nuestra Se\u00f1ora del Carmen y Diputado Manuel Vel\u00e1zquez Cabrera, tiene como objetivo fomentar la actividad comercial del municipio\u00a0<\/i><\/p>\n","protected":false},"author":1,"featured_media":10643,"comment_status":"open","ping_status":"open","sticky":false,"template":"","format":"standard","meta":{"inline_featured_image":false,"jnews-multi-image_gallery":[],"jnews_single_post":[],"jnews_primary_category":[],"jnews_social_meta":[],"jnews_override_counter":[],"jnews_post_split":[],"footnotes":""},"categories":[63],"tags":[],"class_list":["post-10641","post","type-post","status-publish","format-standard","has-post-thumbnail","hentry","category-pajara"],"jetpack_featured_media_url":"https:\/\/informacionlocal.es\/wp-content\/uploads\/2025\/09\/imagen-de-whatsapp-2025-09-09-a-las-11-05-44_a2c22e90.jpg","_links":{"self":[{"href":"https:\/\/informacionlocal.es\/de\/wp-json\/wp\/v2\/posts\/10641","targetHints":{"allow":["GET"]}}],"collection":[{"href":"https:\/\/informacionlocal.es\/de\/wp-json\/wp\/v2\/posts"}],"about":[{"href":"https:\/\/informacionlocal.es\/de\/wp-json\/wp\/v2\/types\/post"}],"author":[{"embeddable":true,"href":"https:\/\/informacionlocal.es\/de\/wp-json\/wp\/v2\/users\/1"}],"replies":[{"embeddable":true,"href":"https:\/\/informacionlocal.es\/de\/wp-json\/wp\/v2\/comments?post=10641"}],"version-history":[{"count":0,"href":"https:\/\/informacionlocal.es\/de\/wp-json\/wp\/v2\/posts\/10641\/revisions"}],"wp:featuredmedia":[{"embeddable":true,"href":"https:\/\/informacionlocal.es\/de\/wp-json\/wp\/v2\/media\/10643"}],"wp:attachment":[{"href":"https:\/\/informacionlocal.es\/de\/wp-json\/wp\/v2\/media?parent=10641"}],"wp:term":[{"taxonomy":"category","embeddable":true,"href":"https:\/\/informacionlocal.es\/de\/wp-json\/wp\/v2\/categories?post=10641"},{"taxonomy":"post_tag","embeddable":true,"href":"https:\/\/informacionlocal.es\/de\/wp-json\/wp\/v2\/tags?post=10641"}],"curies":[{"name":"wp","href":"https:\/\/api.w.org\/{rel}","templated":true}]}}