{"id":1063,"date":"2025-04-10T17:09:29","date_gmt":"2025-04-10T17:09:29","guid":{"rendered":"https:\/\/informacionlocal.es\/das-cabildo-und-die-lebensmittelbank-von-las-palmas-arbeiten-zusammen-um-den-bedarf-der-bevoelkerung-in-prekaeren-situationen-zu-decken\/"},"modified":"2025-04-14T10:00:53","modified_gmt":"2025-04-14T10:00:53","slug":"das-cabildo-und-die-lebensmittelbank-von-las-palmas-arbeiten-zusammen-um-den-bedarf-der-bevoelkerung-in-prekaeren-situationen-zu-decken","status":"publish","type":"post","link":"https:\/\/informacionlocal.es\/de\/das-cabildo-und-die-lebensmittelbank-von-las-palmas-arbeiten-zusammen-um-den-bedarf-der-bevoelkerung-in-prekaeren-situationen-zu-decken\/","title":{"rendered":"Das Cabildo und die Lebensmittelbank von Las Palmas arbeiten zusammen, um den Bedarf der Bev\u00f6lkerung in prek\u00e4ren Situationen zu decken."},"content":{"rendered":"<div class=\"entry-content\"><strong>10 April, 2025<\/strong><\/p>\n<p><strong><em>Im Rahmen der Kooperationsvereinbarung zwischen den beiden Einrichtungen hat die Island Corporation einen Lagerraum in der Versuchsfarm Pozo Negro zur Verf\u00fcgung gestellt.<\/em><\/strong><\/p>\n<p><strong><em>Adisfuer wird die Lebensmittel aus seinem begehbaren Garten spenden, den es mit finanzieller Unterst\u00fctzung des Ministeriums f\u00fcr soziale Ma\u00dfnahmen bewirtschaftet.<\/em><\/strong><\/p>\n<p>Das Cabildo von Fuerteventura hat dem Verband der Lebensmittelbank von Las Palmas einen Raum in der Versuchsfarm von Pozo Negro als Lagerraum zur Verf\u00fcgung gestellt. Dies ist Teil der Vereinbarung zwischen dem Cabildo und dem Verband, um die Lebensmittelbank mit den notwendigen Ressourcen auf der Insel zu versorgen.<\/p>\n<p>Die Inselgesellschaft und der Verein trafen sich in der Versuchsfarm Pozo Negro zu einem Koordinierungstreffen, an dem die Pr\u00e4sidentin des Rathauses, Lola Garc\u00eda, der Stadtrat f\u00fcr Soziales, V\u00edctor Alonso, sowie Pedro Miguel Llorca und \u00c1guedo P\u00e9rez im Namen der Las Palmas Food Bank teilnahmen. Der Stadtrat f\u00fcr Landwirtschaft, Viehzucht und Fischerei, Mat\u00edas Pe\u00f1a, der f\u00fcr die Verwaltung der Versuchsfarm Pozo Negro zust\u00e4ndig ist, nahm ebenfalls an der Veranstaltung teil. <\/p>\n<p>Laut Lola Garc\u00eda und V\u00edctor Alonso ist die Aufmerksamkeit f\u00fcr die Menschen eine der Priorit\u00e4ten der Inselregierung, und es ist wichtig, dem Verband der Lebensmittelbank von Las Palmas die notwendigen Mittel f\u00fcr seine Aktionen auf Fuerteventura zur Verf\u00fcgung zu stellen. Ziel dieser Arbeit ist es, den Nahrungsmittelbedarf der bed\u00fcrftigen Bev\u00f6lkerung zu decken. <\/p>\n<p>Pedro Llorca und \u00c1guedo P\u00e9rez, der Delegierte des Vereins f\u00fcr Fuerteventura, erkl\u00e4rten, dass die Lebensmittelbank von Las Palmas durch die Lieferung von Lebensmitteln und Hygieneartikeln einen Teil des Bedarfs von mehr als 400 Familien auf Fuerteventura deckt, was mehr als 1.000 Beg\u00fcnstigten entspricht. Sie dankten dem Cabildo von Fuerteventura f\u00fcr seine Zusammenarbeit, die dazu beitr\u00e4gt, diese bed\u00fcrftige Bev\u00f6lkerung mit einer vollst\u00e4ndigen und ausgewogenen Ern\u00e4hrung zu versorgen, zu der sie aufgrund ihrer prek\u00e4ren Situation keinen Zugang hat. <\/p>\n<p>In Anwesenheit von Monica Montesdeoca, der Vertreterin von Adisfuer, wurde au\u00dferdem vereinbart, Lebensmittel aus dem barrierefreien Garten zu spenden, der von Adisfuer mit finanzieller Unterst\u00fctzung der Abteilung f\u00fcr soziale Ma\u00dfnahmen des Inselrats von Fuerteventura betrieben wird. Ein Projekt, in dem Menschen mit Behinderungen arbeiten und dessen Gem\u00fcseproduktion an Suppenk\u00fcchen und gemeinn\u00fctzige Organisationen gespendet wird, mit einer gesch\u00e4tzten Jahresproduktion von etwa 5.000 Kilo. <\/p>\n<\/div>\n","protected":false},"excerpt":{"rendered":"<p><em>Im Rahmen der Kooperationsvereinbarung zwischen den beiden Einrichtungen hat die Island Corporation einen Lagerraum in der Versuchsfarm Pozo Negro zur Verf\u00fcgung gestellt.<\/em><\/p>\n","protected":false},"author":1,"featured_media":633,"comment_status":"open","ping_status":"open","sticky":false,"template":"","format":"standard","meta":{"inline_featured_image":false,"jnews-multi-image_gallery":[],"jnews_single_post":[],"jnews_primary_category":[],"jnews_social_meta":[],"jnews_override_counter":[],"jnews_post_split":[],"footnotes":""},"categories":[287],"tags":[216,213,197,243,199],"class_list":["post-1063","post","type-post","status-publish","format-standard","has-post-thumbnail","hentry","category-cabildo-de","tag-fuerteventura-de","tag-integration-de","tag-offentliche-dienste","tag-sozialhilfe","tag-umwelt"],"jetpack_featured_media_url":"https:\/\/informacionlocal.es\/wp-content\/uploads\/2025\/04\/banco-de-alimentos.jpeg","_links":{"self":[{"href":"https:\/\/informacionlocal.es\/de\/wp-json\/wp\/v2\/posts\/1063","targetHints":{"allow":["GET"]}}],"collection":[{"href":"https:\/\/informacionlocal.es\/de\/wp-json\/wp\/v2\/posts"}],"about":[{"href":"https:\/\/informacionlocal.es\/de\/wp-json\/wp\/v2\/types\/post"}],"author":[{"embeddable":true,"href":"https:\/\/informacionlocal.es\/de\/wp-json\/wp\/v2\/users\/1"}],"replies":[{"embeddable":true,"href":"https:\/\/informacionlocal.es\/de\/wp-json\/wp\/v2\/comments?post=1063"}],"version-history":[{"count":1,"href":"https:\/\/informacionlocal.es\/de\/wp-json\/wp\/v2\/posts\/1063\/revisions"}],"predecessor-version":[{"id":1644,"href":"https:\/\/informacionlocal.es\/de\/wp-json\/wp\/v2\/posts\/1063\/revisions\/1644"}],"wp:featuredmedia":[{"embeddable":true,"href":"https:\/\/informacionlocal.es\/de\/wp-json\/wp\/v2\/media\/633"}],"wp:attachment":[{"href":"https:\/\/informacionlocal.es\/de\/wp-json\/wp\/v2\/media?parent=1063"}],"wp:term":[{"taxonomy":"category","embeddable":true,"href":"https:\/\/informacionlocal.es\/de\/wp-json\/wp\/v2\/categories?post=1063"},{"taxonomy":"post_tag","embeddable":true,"href":"https:\/\/informacionlocal.es\/de\/wp-json\/wp\/v2\/tags?post=1063"}],"curies":[{"name":"wp","href":"https:\/\/api.w.org\/{rel}","templated":true}]}}