{"id":10615,"date":"2025-09-09T19:00:34","date_gmt":"2025-09-09T18:00:34","guid":{"rendered":"https:\/\/informacionlocal.es\/el-cabildo-y-gdr-maxorata-continuan-profesionalizando-el-sector-primario-majorero-con-cursos-de-formacion\/"},"modified":"2025-09-09T19:00:34","modified_gmt":"2025-09-09T18:00:34","slug":"el-cabildo-y-gdr-maxorata-continuan-profesionalizando-el-sector-primario-majorero-con-cursos-de-formacion","status":"publish","type":"post","link":"https:\/\/informacionlocal.es\/de\/el-cabildo-y-gdr-maxorata-continuan-profesionalizando-el-sector-primario-majorero-con-cursos-de-formacion\/","title":{"rendered":"El Cabildo y GDR Maxorata contin\u00faan profesionalizando el sector primario majorero con cursos de formaci\u00f3n"},"content":{"rendered":"<div class=\"entry-content\"><strong>9 septiembre, 2025<\/strong><\/p>\n<p><strong><em>Se impartir\u00e1 un taller de viticultura regenerativa y otro de elaboraci\u00f3n de quesos de pasta prensada y derivados l\u00e1cteos<\/em><\/strong><\/p>\n<p>El Cabildo de Fuerteventura, mediante el \u00e1rea de Sector Primario que dirige Mat\u00edas Pe\u00f1a, y la Asociaci\u00f3n para la Gesti\u00f3n del Desarrollo Rural Maxorata promueven nuevos talleres para continuar profesionalizando el sector primario majorero, los cuales est\u00e1n homologados para la cualificaci\u00f3n agraria profesional.<\/p>\n<p>Unos de los talleres, denominado \u2018Taller pr\u00e1ctico de viticultura regenerativa II en Fuerteventura: Estados fenol\u00f3gicos y necesidades nutricionales en el cultivo de la vi\u00f1a\u2019, se impartir\u00e1 del 30 de\u00a0septiembre al 2 de octubre por el agricultor org\u00e1nico y consultor medioambiental, Eduardo Franquiz.\u00a0<\/p>\n<p>El programa se desarrollar\u00e1 en tres jornadas dirigidas a profesionales y aficionados de la viticultura, centrado en la nutrici\u00f3n vegetal, el manejo del vi\u00f1edo y la mejora de la calidad del fruto.<\/p>\n<p>Los interesados deben inscribirse previamente a trav\u00e9s del correo electr\u00f3nico\u00a0irisgdr2024@gmail.com\u00a0o de manera presencial en GDR Maxorata Verde, C\/Lucha Canaria n\u00ba 112, Pto del Rosario. Edificio Agricultura Cabildo 2\u00aa Planta.<\/p>\n<p>El segundo ciclo formativo, \u2018Curso de elaboraci\u00f3n de quesos de pasta prensada y derivados l\u00e1cteos: yogures, quesos de untar, reques\u00f3n y mantequilla\u2019, es organizado por GDR Maxorata Verde y el Consejo Regulador de\u00a0Denominaci\u00f3n de Origen de Queso Majorero. Est\u00e1\u00a0dirigido a queser\u00edas ya instaladas o de nueva creaci\u00f3n y tendr\u00e1 lugar del 6 al 10 de octubre. En esta ocasi\u00f3n, el curso es ofrecido por la Escuela Internacional de Industrias L\u00e1cteas.<\/p>\n<p>El programa busca dotar a los participantes de conocimientos s\u00f3lidos sobre la calidad de la materia prima, as\u00ed como habilidades pr\u00e1cticas para la producci\u00f3n de distintos tipos de queso, fomentando la innovaci\u00f3n y la excelencia en el sector l\u00e1cteo canario.<\/p>\n<p>Las personas interesadas en este taller deben enviar la solicitud a trav\u00e9s del correo electr\u00f3nico\u00a0gdrmaxoratacursos@gmail.com.<\/p>\n<p>Los cursos son financiados con fondos propios de GDR-Maxorata en el marco del programa PEPAC 2023-2027 LEADER.<\/p>\n<p>Ambos cursos se impartir\u00e1n en la Granja Experimental de Pozo Negro.<\/p>\n<\/div>\n","protected":false},"excerpt":{"rendered":"<p>9 septiembre, 2025 Se impartir\u00e1 un taller de viticultura regenerativa y otro de elaboraci\u00f3n de quesos de pasta prensada y derivados l\u00e1cteos El Cabildo de Fuerteventura, mediante el \u00e1rea de [&hellip;]<\/p>\n","protected":false},"author":1,"featured_media":10617,"comment_status":"open","ping_status":"open","sticky":false,"template":"","format":"standard","meta":{"inline_featured_image":false,"jnews-multi-image_gallery":[],"jnews_single_post":[],"jnews_primary_category":[],"jnews_social_meta":[],"jnews_override_counter":[],"jnews_post_split":[],"footnotes":""},"categories":[58],"tags":[82],"class_list":["post-10615","post","type-post","status-publish","format-standard","has-post-thumbnail","hentry","category-cabildo","tag-fuerteventura"],"jetpack_featured_media_url":"https:\/\/informacionlocal.es\/wp-content\/uploads\/2025\/09\/1757415334-05df2a3085acad4cc44376e9be5fdfc1.jpg","_links":{"self":[{"href":"https:\/\/informacionlocal.es\/de\/wp-json\/wp\/v2\/posts\/10615","targetHints":{"allow":["GET"]}}],"collection":[{"href":"https:\/\/informacionlocal.es\/de\/wp-json\/wp\/v2\/posts"}],"about":[{"href":"https:\/\/informacionlocal.es\/de\/wp-json\/wp\/v2\/types\/post"}],"author":[{"embeddable":true,"href":"https:\/\/informacionlocal.es\/de\/wp-json\/wp\/v2\/users\/1"}],"replies":[{"embeddable":true,"href":"https:\/\/informacionlocal.es\/de\/wp-json\/wp\/v2\/comments?post=10615"}],"version-history":[{"count":0,"href":"https:\/\/informacionlocal.es\/de\/wp-json\/wp\/v2\/posts\/10615\/revisions"}],"wp:featuredmedia":[{"embeddable":true,"href":"https:\/\/informacionlocal.es\/de\/wp-json\/wp\/v2\/media\/10617"}],"wp:attachment":[{"href":"https:\/\/informacionlocal.es\/de\/wp-json\/wp\/v2\/media?parent=10615"}],"wp:term":[{"taxonomy":"category","embeddable":true,"href":"https:\/\/informacionlocal.es\/de\/wp-json\/wp\/v2\/categories?post=10615"},{"taxonomy":"post_tag","embeddable":true,"href":"https:\/\/informacionlocal.es\/de\/wp-json\/wp\/v2\/tags?post=10615"}],"curies":[{"name":"wp","href":"https:\/\/api.w.org\/{rel}","templated":true}]}}