{"id":1061,"date":"2025-04-10T17:14:29","date_gmt":"2025-04-10T17:14:29","guid":{"rendered":"https:\/\/informacionlocal.es\/pajara-zeigt-auf-der-messe-feaga-2025-das-beste-aus-seinem-primaersektor\/"},"modified":"2025-04-14T09:46:29","modified_gmt":"2025-04-14T09:46:29","slug":"pajara-zeigt-auf-der-messe-feaga-2025-das-beste-aus-seinem-primaersektor","status":"publish","type":"post","link":"https:\/\/informacionlocal.es\/de\/pajara-zeigt-auf-der-messe-feaga-2025-das-beste-aus-seinem-primaersektor\/","title":{"rendered":"P\u00e1jara zeigt auf der Messe Feaga 2025 das Beste aus seinem Prim\u00e4rsektor."},"content":{"rendered":"<div class=\"entry-content\">\n<p><b><i>Mit ihrer Pr\u00e4senz f\u00f6rdert die Gemeinde die Qualit\u00e4t der lokalen Produkte und die Bem\u00fchungen ihrer Erzeuger.<\/i><\/b><\/p>\n<p><span>  Das Rathaus von P\u00e1jara hat am Freitag, den 4. April, seinen Stand auf der Landwirtschafts-, Viehzucht- und Fischereimesse Feaga 2025 eingeweiht, einer wichtigen Veranstaltung f\u00fcr die F\u00f6rderung und Entwicklung des Prim\u00e4rsektors auf der Insel. Die Messe, die in der Versuchsfarm Pozo Negro in der Gemeinde Antigua stattfindet, ist bis Sonntag, den 6. April, ge\u00f6ffnet.   <\/span><\/p>\n<p><span>Bei der Einweihung waren mehrere Mitglieder der Stadtverwaltung anwesend, darunter der B\u00fcrgermeister von P\u00e1jara, Alejandro Jorge, und der Stadtrat f\u00fcr den Prim\u00e4rsektor, Jos\u00e9 Manuel D\u00edaz.  <\/span><\/p>\n<p><span>Der Stadtrat f\u00fcr den prim\u00e4ren Sektor, Jos\u00e9 Manuel D\u00edaz, sagte, dass &#8222;wir vom Ministerium f\u00fcr Landwirtschaft, Viehzucht und Fischerei die t\u00e4gliche Arbeit derjenigen wertsch\u00e4tzen wollen, die unsere Traditionen am Leben erhalten und frische Qualit\u00e4tsprodukte garantieren. Auf lokale Produkte zu setzen, bedeutet, unsere Wirtschaft zu st\u00e4rken, sich um unser Gebiet zu k\u00fcmmern und ein nachhaltiges Modell zu unterst\u00fctzen&#8220;. Er betonte auch, dass &#8222;wir weiterhin unsere eigenen Produkte unterst\u00fctzen und konsumieren sollten, um die Zukunft des Prim\u00e4rsektors und unserer Gemeinschaft zu sichern&#8220;.   <\/span><\/p>\n<p><span>Der B\u00fcrgermeister von P\u00e1jara, Alejandro Jorge, hob seinerseits das Engagement der Gemeinde f\u00fcr die lokalen Erzeuger hervor. &#8222;Der Stand von P\u00e1jara ist ein Spiegelbild der kontinuierlichen Bem\u00fchungen unserer Einwohner, die mit Hingabe daran arbeiten, den Verbrauchern das Beste aus unserer Landschaft und dem Meer zu bieten&#8220;. Er wies auch darauf hin, dass &#8222;diese Veranstaltung eine Plattform ist, um die Beziehungen zu st\u00e4rken und unsere Identit\u00e4t als Gemeinde zu festigen&#8220;.    <\/span><\/p>\n<p><span>In dieser neuen Ausgabe wurde der Stand von P\u00e1jara so gestaltet, dass er den Reichtum und die Vielfalt der lokalen Produkte hervorhebt. Dieser Raum soll die Bem\u00fchungen und das Engagement der Landwirte, Viehz\u00fcchter und Fischer der Gemeinde hervorheben.   <\/span><\/p>\n<\/p>\n<div>Teilen Sie<\/div>\n<\/div>\n","protected":false},"excerpt":{"rendered":"<p><i>Mit ihrer Pr\u00e4senz f\u00f6rdert die Gemeinde die Qualit\u00e4t der lokalen Produkte und die Bem\u00fchungen ihrer Erzeuger.<\/i><\/p>\n","protected":false},"author":1,"featured_media":639,"comment_status":"open","ping_status":"open","sticky":false,"template":"","format":"standard","meta":{"inline_featured_image":false,"jnews-multi-image_gallery":[],"jnews_single_post":[],"jnews_primary_category":[],"jnews_social_meta":[],"jnews_override_counter":[],"jnews_post_split":[],"footnotes":""},"categories":[297],"tags":[216,196,217,199,237],"class_list":["post-1061","post","type-post","status-publish","format-standard","has-post-thumbnail","hentry","category-pajara-de","tag-fuerteventura-de","tag-gemeinden","tag-kultur-und-freizeit","tag-umwelt","tag-veranstaltungen"],"jetpack_featured_media_url":"https:\/\/informacionlocal.es\/wp-content\/uploads\/2025\/04\/feaga-20251.jpeg","_links":{"self":[{"href":"https:\/\/informacionlocal.es\/de\/wp-json\/wp\/v2\/posts\/1061","targetHints":{"allow":["GET"]}}],"collection":[{"href":"https:\/\/informacionlocal.es\/de\/wp-json\/wp\/v2\/posts"}],"about":[{"href":"https:\/\/informacionlocal.es\/de\/wp-json\/wp\/v2\/types\/post"}],"author":[{"embeddable":true,"href":"https:\/\/informacionlocal.es\/de\/wp-json\/wp\/v2\/users\/1"}],"replies":[{"embeddable":true,"href":"https:\/\/informacionlocal.es\/de\/wp-json\/wp\/v2\/comments?post=1061"}],"version-history":[{"count":1,"href":"https:\/\/informacionlocal.es\/de\/wp-json\/wp\/v2\/posts\/1061\/revisions"}],"predecessor-version":[{"id":1472,"href":"https:\/\/informacionlocal.es\/de\/wp-json\/wp\/v2\/posts\/1061\/revisions\/1472"}],"wp:featuredmedia":[{"embeddable":true,"href":"https:\/\/informacionlocal.es\/de\/wp-json\/wp\/v2\/media\/639"}],"wp:attachment":[{"href":"https:\/\/informacionlocal.es\/de\/wp-json\/wp\/v2\/media?parent=1061"}],"wp:term":[{"taxonomy":"category","embeddable":true,"href":"https:\/\/informacionlocal.es\/de\/wp-json\/wp\/v2\/categories?post=1061"},{"taxonomy":"post_tag","embeddable":true,"href":"https:\/\/informacionlocal.es\/de\/wp-json\/wp\/v2\/tags?post=1061"}],"curies":[{"name":"wp","href":"https:\/\/api.w.org\/{rel}","templated":true}]}}