{"id":1058,"date":"2025-04-10T17:06:36","date_gmt":"2025-04-10T17:06:36","guid":{"rendered":"https:\/\/informacionlocal.es\/das-rathaus-von-pajara-renoviert-den-kinderspielplatz-neben-dem-ceip-costa-calma\/"},"modified":"2025-04-14T10:01:37","modified_gmt":"2025-04-14T10:01:37","slug":"das-rathaus-von-pajara-renoviert-den-kinderspielplatz-neben-dem-ceip-costa-calma","status":"publish","type":"post","link":"https:\/\/informacionlocal.es\/de\/das-rathaus-von-pajara-renoviert-den-kinderspielplatz-neben-dem-ceip-costa-calma\/","title":{"rendered":"Das Rathaus von P\u00e1jara renoviert den Kinderspielplatz neben dem CEIP Costa Calma"},"content":{"rendered":"<div class=\"entry-content\">\n<p><b><i>Das Projekt umfasst neue Spielger\u00e4te, Pflasterung und Verbesserungen der Parksicherheit.<\/i><\/b><\/p>\n<p><span>Das Rathaus von P\u00e1jara hat \u00fcber die Abteilung f\u00fcr Parks und G\u00e4rten den Auftrag f\u00fcr die Renovierung des Spielplatzes in der Avenida Happag Lloyd in Costa Calma, neben dem CEIP Costa Calma, vergeben. Das Projekt zur Verbesserung der Freizeiteinrichtungen hat eine Gesamtinvestition von mehr als 30.000 Euro.   <\/span><\/p>\n<p><span>Der erste stellvertretende B\u00fcrgermeister und Stadtrat f\u00fcr Parks und G\u00e4rten, Alexis Alonso, betont, dass die Arbeiten etwa acht Wochen dauern werden. &#8222;W\u00e4hrend dieser Zeit werden neue Sicherheitselemente installiert, der Boden wird neu gepflastert und der Bereich wird versch\u00f6nert&#8220;. Die Stadtr\u00e4tin weist auch darauf hin, dass &#8222;das Ziel des Gebiets darin besteht, weitere \u00f6ffentliche Spielpl\u00e4tze in verschiedenen Bereichen der Stadt einzurichten&#8220;.    <\/span><\/p>\n<p><span>Der B\u00fcrgermeister von P\u00e1jara, Alejandro Jorge, unterstreicht seinerseits die Bedeutung dieser Ma\u00dfnahme f\u00fcr die Gemeinde. &#8222;Mit der Renovierung dieses Spielplatzes setzen wir unser Engagement f\u00fcr die Verbesserung der \u00f6ffentlichen Infrastruktur zum Nutzen unserer Nachbarn fort, damit sie moderne, sichere und zug\u00e4ngliche R\u00e4ume genie\u00dfen k\u00f6nnen&#8220;. Dar\u00fcber hinaus merkt der B\u00fcrgermeister an, dass &#8222;das Engagement der Einrichtung darin bestehen wird, die Infrastruktur der Stadt Costa Calmas weiter zu verbessern&#8220;.    <\/span><\/p>\n<p><span>Mit dieser Aktion setzt die Stadtverwaltung von P\u00e1jara ihre Arbeit zur Modernisierung und Verbesserung der \u00f6ffentlichen R\u00e4ume in der Gemeinde fort, um den Bed\u00fcrfnissen der Einwohner gerecht zu werden und eine sichere und qualitativ hochwertige Umgebung f\u00fcr alle zu gew\u00e4hrleisten.  <\/span><\/p>\n<div>Teilen Sie<\/div>\n<\/div>\n","protected":false},"excerpt":{"rendered":"<p><i>Das Projekt umfasst neue Spielger\u00e4te, Pflasterung und Verbesserungen der Parksicherheit.<\/i><\/p>\n","protected":false},"author":1,"featured_media":630,"comment_status":"open","ping_status":"open","sticky":false,"template":"","format":"standard","meta":{"inline_featured_image":false,"jnews-multi-image_gallery":[],"jnews_single_post":[],"jnews_primary_category":[],"jnews_social_meta":[],"jnews_override_counter":[],"jnews_post_split":[],"footnotes":""},"categories":[297],"tags":[216,196,217,197],"class_list":["post-1058","post","type-post","status-publish","format-standard","has-post-thumbnail","hentry","category-pajara-de","tag-fuerteventura-de","tag-gemeinden","tag-kultur-und-freizeit","tag-offentliche-dienste"],"jetpack_featured_media_url":"https:\/\/informacionlocal.es\/wp-content\/uploads\/2025\/04\/whatsapp-image-2025-04-07-at-14-06-08-e1744028007446.jpeg","_links":{"self":[{"href":"https:\/\/informacionlocal.es\/de\/wp-json\/wp\/v2\/posts\/1058","targetHints":{"allow":["GET"]}}],"collection":[{"href":"https:\/\/informacionlocal.es\/de\/wp-json\/wp\/v2\/posts"}],"about":[{"href":"https:\/\/informacionlocal.es\/de\/wp-json\/wp\/v2\/types\/post"}],"author":[{"embeddable":true,"href":"https:\/\/informacionlocal.es\/de\/wp-json\/wp\/v2\/users\/1"}],"replies":[{"embeddable":true,"href":"https:\/\/informacionlocal.es\/de\/wp-json\/wp\/v2\/comments?post=1058"}],"version-history":[{"count":1,"href":"https:\/\/informacionlocal.es\/de\/wp-json\/wp\/v2\/posts\/1058\/revisions"}],"predecessor-version":[{"id":1668,"href":"https:\/\/informacionlocal.es\/de\/wp-json\/wp\/v2\/posts\/1058\/revisions\/1668"}],"wp:featuredmedia":[{"embeddable":true,"href":"https:\/\/informacionlocal.es\/de\/wp-json\/wp\/v2\/media\/630"}],"wp:attachment":[{"href":"https:\/\/informacionlocal.es\/de\/wp-json\/wp\/v2\/media?parent=1058"}],"wp:term":[{"taxonomy":"category","embeddable":true,"href":"https:\/\/informacionlocal.es\/de\/wp-json\/wp\/v2\/categories?post=1058"},{"taxonomy":"post_tag","embeddable":true,"href":"https:\/\/informacionlocal.es\/de\/wp-json\/wp\/v2\/tags?post=1058"}],"curies":[{"name":"wp","href":"https:\/\/api.w.org\/{rel}","templated":true}]}}