{"id":10573,"date":"2025-09-09T14:04:30","date_gmt":"2025-09-09T13:04:30","guid":{"rendered":"https:\/\/informacionlocal.es\/anuncio-modificacion-de-areas-corporativas\/"},"modified":"2025-09-09T14:04:30","modified_gmt":"2025-09-09T13:04:30","slug":"anuncio-modificacion-de-areas-corporativas","status":"publish","type":"post","link":"https:\/\/informacionlocal.es\/de\/anuncio-modificacion-de-areas-corporativas\/","title":{"rendered":"ANUNCIO: Modificaci\u00f3n de \u00e1reas corporativas"},"content":{"rendered":"<div class=\"entry-content\">\n<p>Anuncio en el que se procede a Delegar, con car\u00e1cter gen\u00e9rico, la direcci\u00f3n y gesti\u00f3n, con inclusi\u00f3n de la facultad de resolver mediante actos que afecten a terceros y en particular en los t\u00e9rminos expresamente contemplados en el art\u00edculo 40.2 de la Ley 7\/2015, de 1 de abril, de Municipios de Canarias, los servicios integrantes de las materias indicadas.<br \/><span class=\"mb-center maxbutton-1-center\"><span class=\"maxbutton-1-container mb-container\"><span class=\"mb-text\">Ver ANUNCIO<\/span><\/span><\/span><\/p>\n<\/div>\n","protected":false},"excerpt":{"rendered":"<p>Anuncio en el que se procede a Delegar, con car\u00e1cter gen\u00e9rico, la direcci\u00f3n y gesti\u00f3n, con inclusi\u00f3n de la facultad de resolver mediante actos que afecten a terceros y en [&hellip;]<\/p>\n","protected":false},"author":1,"featured_media":10575,"comment_status":"open","ping_status":"open","sticky":false,"template":"","format":"standard","meta":{"inline_featured_image":false,"jnews-multi-image_gallery":[],"jnews_single_post":[],"jnews_primary_category":[],"jnews_social_meta":[],"jnews_override_counter":[],"jnews_post_split":[],"footnotes":""},"categories":[63],"tags":[65],"class_list":["post-10573","post","type-post","status-publish","format-standard","has-post-thumbnail","hentry","category-pajara","tag-municipios"],"jetpack_featured_media_url":"https:\/\/informacionlocal.es\/wp-content\/uploads\/2025\/09\/nofoto-1.png","_links":{"self":[{"href":"https:\/\/informacionlocal.es\/de\/wp-json\/wp\/v2\/posts\/10573","targetHints":{"allow":["GET"]}}],"collection":[{"href":"https:\/\/informacionlocal.es\/de\/wp-json\/wp\/v2\/posts"}],"about":[{"href":"https:\/\/informacionlocal.es\/de\/wp-json\/wp\/v2\/types\/post"}],"author":[{"embeddable":true,"href":"https:\/\/informacionlocal.es\/de\/wp-json\/wp\/v2\/users\/1"}],"replies":[{"embeddable":true,"href":"https:\/\/informacionlocal.es\/de\/wp-json\/wp\/v2\/comments?post=10573"}],"version-history":[{"count":0,"href":"https:\/\/informacionlocal.es\/de\/wp-json\/wp\/v2\/posts\/10573\/revisions"}],"wp:featuredmedia":[{"embeddable":true,"href":"https:\/\/informacionlocal.es\/de\/wp-json\/wp\/v2\/media\/10575"}],"wp:attachment":[{"href":"https:\/\/informacionlocal.es\/de\/wp-json\/wp\/v2\/media?parent=10573"}],"wp:term":[{"taxonomy":"category","embeddable":true,"href":"https:\/\/informacionlocal.es\/de\/wp-json\/wp\/v2\/categories?post=10573"},{"taxonomy":"post_tag","embeddable":true,"href":"https:\/\/informacionlocal.es\/de\/wp-json\/wp\/v2\/tags?post=10573"}],"curies":[{"name":"wp","href":"https:\/\/api.w.org\/{rel}","templated":true}]}}