{"id":10567,"date":"2025-09-09T13:04:54","date_gmt":"2025-09-09T12:04:54","guid":{"rendered":"https:\/\/informacionlocal.es\/el-municipio-de-la-oliva-se-convierte-en-protagonista-internacional-tras-la-presentacion-del-nuevo-modelo-de-cupra-tindaya\/"},"modified":"2025-09-09T13:04:54","modified_gmt":"2025-09-09T12:04:54","slug":"el-municipio-de-la-oliva-se-convierte-en-protagonista-internacional-tras-la-presentacion-del-nuevo-modelo-de-cupra-tindaya","status":"publish","type":"post","link":"https:\/\/informacionlocal.es\/de\/el-municipio-de-la-oliva-se-convierte-en-protagonista-internacional-tras-la-presentacion-del-nuevo-modelo-de-cupra-tindaya\/","title":{"rendered":"El municipio de La Oliva se convierte en protagonista internacional tras la presentaci\u00f3n del nuevo modelo de Cupra: \u2018Tindaya\u2019"},"content":{"rendered":"<p>La marca automovil\u00edstica, Cupra, escoge la monta\u00f1a sagrada majorera para dar nombre a su nuevo modelo, \u2018Tindaya\u2019. El veh\u00edculo, presentado durante la IAA Mobility 2025 de M\u00fanich, convierte al municipio de La Oliva en protagonista internacional, destacando la singularidad de la que propia de su paisaje, un entorno natural en estado puro.<\/p>\n<p>Bajo esta perspectiva, se trasciende la imagen de una Isla relacionada en exclusiva con el turismo de \u2018sol y playa\u2019, para potenciar otros enclaves en Fuerteventura y, en concreto, en La Oliva como lo es la monta\u00f1a sagrada de Tindaya. As\u00ed pues, la idea gira entorno a la premisa en la que se viene trabajando desde el comienzo de legislatura desde la Concejal\u00eda de Turismo y Medio Ambiente, con David Fajardo al frente. <\/p>\n<p>En este sentido, se pretende potenciar una actividad tur\u00edstica consciente con el entorno y que contemple otras facetas del municipio m\u00e1s all\u00e1 de la costa. La actividad deportiva &#8211; con pruebas a lo largo de todo el a\u00f1o &#8211; la tradici\u00f3n y costumbres del pueblo majorero \u2013 con la apertura del Castillo del Tost\u00f3n y, de forma m\u00e1s reciente, el Aljibe del Veneno y Redonda \u2013 e incluso, otros parajes naturales como lo es la propia monta\u00f1a de Tindaya que ponen de relieve un nuevo paradigma que potencia la imagen de Fuerteventura como un destino tur\u00edstico polifac\u00e9tico.<\/p>\n<p>El alcalde de La Oliva, Isa\u00ed Blanco, pone de manifiesto la relevancia de la presentaci\u00f3n en el escenario de la IAA Mobility 2025: \u201cEsta es una oportunidad \u00fanica en la que dar a conocer el municipio. Desde el Ayuntamiento nos llena de orgullo que el nuevo Cupra reciba el nombre de la monta\u00f1a m\u00e1s especial del municipio, la monta\u00f1a de Tindaya. Con ello, acentuamos lo que muy bien ha sabido reconocer la marca automovil\u00edstica, Fuerteventura es mucho m\u00e1s que \u2018sol y playa\u2019, una perspectiva desde la que hemos trabajado desde el comienzo de la legislatura y desde la que seguiremos trabajando.\u201d<\/p>\n<p>\u201cEl objetivo no es otro que poner sobre la mesa las dem\u00e1s cualidades de La Oliva, como lo son el deporte, los puntos de inter\u00e9s tur\u00edsticos y, por supuesto, nuestro paisaje que es m\u00e1s que nuestras conocidas playas.\u201d explica alcalde.<\/p>\n<p>Por su parte, el concejal de Turismo y Medio Ambiente, David Fajardo, se\u00f1ala: \u201cEl nuevo Cupra \u2018Tindaya\u2019 otorga a La Oliva una proyecci\u00f3n internacional inigualable. La marca apuesta por la monta\u00f1a sagrada que destaca autenticidad tan de este enclave natural que, al igual que el binomio Turismo y Medio Ambiente, pretendemos potenciar el municipio, no solo por nuestras kilom\u00e9tricas playas de arena dorada, sino tambi\u00e9n por muchas otras cualidades de La Oliva, como lo es el deporte, la tradici\u00f3n majorera y, por su puesto, la naturaleza y el cuidad con nuestro entorno.\u201d<\/p>\n<p>Cupra pone a La Oliva en el centro del encuentro, con Tindaya y nuestra monta\u00f1a sagrada bajo la mirada del panorama internacional con este nuevo modelo de autom\u00f3vil.<\/p>\n","protected":false},"excerpt":{"rendered":"<p><span>El veh\u00edculo se present\u00f3 ayer, lunes 8 de septiembre, en el marco de la IAA Mobility 2025 de M\u00fanich<\/span><\/p>\n","protected":false},"author":1,"featured_media":10569,"comment_status":"open","ping_status":"open","sticky":false,"template":"","format":"standard","meta":{"inline_featured_image":false,"jnews-multi-image_gallery":[],"jnews_single_post":[],"jnews_primary_category":[],"jnews_social_meta":[],"jnews_override_counter":[],"jnews_post_split":[],"footnotes":""},"categories":[62],"tags":[82,76],"class_list":["post-10567","post","type-post","status-publish","format-standard","has-post-thumbnail","hentry","category-la-oliva","tag-fuerteventura","tag-medio-ambiente"],"jetpack_featured_media_url":"https:\/\/informacionlocal.es\/wp-content\/uploads\/2025\/09\/5241_b1c5e574.png","_links":{"self":[{"href":"https:\/\/informacionlocal.es\/de\/wp-json\/wp\/v2\/posts\/10567","targetHints":{"allow":["GET"]}}],"collection":[{"href":"https:\/\/informacionlocal.es\/de\/wp-json\/wp\/v2\/posts"}],"about":[{"href":"https:\/\/informacionlocal.es\/de\/wp-json\/wp\/v2\/types\/post"}],"author":[{"embeddable":true,"href":"https:\/\/informacionlocal.es\/de\/wp-json\/wp\/v2\/users\/1"}],"replies":[{"embeddable":true,"href":"https:\/\/informacionlocal.es\/de\/wp-json\/wp\/v2\/comments?post=10567"}],"version-history":[{"count":0,"href":"https:\/\/informacionlocal.es\/de\/wp-json\/wp\/v2\/posts\/10567\/revisions"}],"wp:featuredmedia":[{"embeddable":true,"href":"https:\/\/informacionlocal.es\/de\/wp-json\/wp\/v2\/media\/10569"}],"wp:attachment":[{"href":"https:\/\/informacionlocal.es\/de\/wp-json\/wp\/v2\/media?parent=10567"}],"wp:term":[{"taxonomy":"category","embeddable":true,"href":"https:\/\/informacionlocal.es\/de\/wp-json\/wp\/v2\/categories?post=10567"},{"taxonomy":"post_tag","embeddable":true,"href":"https:\/\/informacionlocal.es\/de\/wp-json\/wp\/v2\/tags?post=10567"}],"curies":[{"name":"wp","href":"https:\/\/api.w.org\/{rel}","templated":true}]}}