{"id":10561,"date":"2025-09-09T09:58:22","date_gmt":"2025-09-09T08:58:22","guid":{"rendered":"https:\/\/informacionlocal.es\/el-cabildo-de-fuerteventura-lleva-la-formacion-en-primeros-auxilios-al-centro-de-discapacidad-de-gran-tarajal\/"},"modified":"2025-09-09T09:58:22","modified_gmt":"2025-09-09T08:58:22","slug":"el-cabildo-de-fuerteventura-lleva-la-formacion-en-primeros-auxilios-al-centro-de-discapacidad-de-gran-tarajal","status":"publish","type":"post","link":"https:\/\/informacionlocal.es\/de\/el-cabildo-de-fuerteventura-lleva-la-formacion-en-primeros-auxilios-al-centro-de-discapacidad-de-gran-tarajal\/","title":{"rendered":"El Cabildo de Fuerteventura lleva la formaci\u00f3n en primeros auxilios al Centro de Discapacidad de Gran Tarajal"},"content":{"rendered":"<div class=\"entry-content\"><strong>9 septiembre, 2025<\/strong><\/p>\n<p><em><strong>La Consejer\u00eda de Seguridad y Emergencias contin\u00faa con la campa\u00f1a formativa por los diferentes municipios de la Isla<\/strong><\/em><\/p>\n<p>El Cabildo de Fuerteventura, a trav\u00e9s del \u00e1rea de Seguridad y Emergencias que dirige Lolina Negr\u00edn, contin\u00faa con la campa\u00f1a \u2018Saber para ayudar: aprende de los primeros auxilios. Tus manos pueden salvar vidas\u2019, un programa dirigido a fomentar la cultura preventiva y dotar a la poblaci\u00f3n de conocimientos b\u00e1sicos en materia de primeros auxilios.<\/p>\n<p>La iniciativa, desarrollada por el Servicio de Prevenci\u00f3n, Extinci\u00f3n de<br \/>Incendios y Salvamento de Fuerteventura (SPEIS), se est\u00e1 impartiendo en centros educativos de diferentes municipios majoreros y recientemente se ha desarrollado en el Centro de Discapacidad de Gran Tarajal.<\/p>\n<p>Durante las sesiones, los participantes reciben formaci\u00f3n en t\u00e9cnicas esenciales para la atenci\u00f3n inmediata antes situaciones de emergencia, como atragantamientos, quemaduras, desmayos y lesiones. Asimismo, se refuerza la importancia del correcto uso del n\u00famero de emergencias 112 y del protocolo PAS (Proteger, Avisar, Socorrer), como herramientas fundamentales para actuar con seguridad y eficacia en momentos cr\u00edticos.<\/p>\n<p>El programa presta especial atenci\u00f3n a la prevenci\u00f3n de los accidentes m\u00e1s habituales en la infancia y la adolescencia, ente los que la Organizaci\u00f3n Mundial de la Salud (OMS) identifica ca\u00eddas, cortes, quemaduras, intoxicaciones, electrocuciones, picaduras, mordeduras y accidentes de tr\u00e1fico.<\/p>\n<p>La consejera de Seguridad y Emergencias, Lolina Negr\u00edn, subray\u00f3 que \u201cel objetivo de esta campa\u00f1a es proporcionar herramientas y recursos para prevenir accidentes y responder adecuadamente en caso de producirse\u201d. \u201cLos contenidos se adaptan a cada segmento poblacional, garantizando as\u00ed la comprensi\u00f3n y la correcta aplicaci\u00f3n de los conocimientos adquiridos\u201d, a\u00f1adi\u00f3 la consejera.<\/p>\n<p>Con esta acci\u00f3n, el Cabildo de Fuerteventura reafirma su compromiso con la seguridad ciudadana y la promoci\u00f3n de una sociedad mejor preparada para afrontar emergencias desde una perspectiva formativa y preventiva.<\/p>\n<\/div>\n","protected":false},"excerpt":{"rendered":"<p>9 septiembre, 2025 La Consejer\u00eda de Seguridad y Emergencias contin\u00faa con la campa\u00f1a formativa por los diferentes municipios de la Isla El Cabildo de Fuerteventura, a trav\u00e9s del \u00e1rea de [&hellip;]<\/p>\n","protected":false},"author":1,"featured_media":10563,"comment_status":"open","ping_status":"open","sticky":false,"template":"","format":"standard","meta":{"inline_featured_image":false,"jnews-multi-image_gallery":[],"jnews_single_post":[],"jnews_primary_category":[],"jnews_social_meta":[],"jnews_override_counter":[],"jnews_post_split":[],"footnotes":""},"categories":[58],"tags":[82,65],"class_list":["post-10561","post","type-post","status-publish","format-standard","has-post-thumbnail","hentry","category-cabildo","tag-fuerteventura","tag-municipios"],"jetpack_featured_media_url":"https:\/\/informacionlocal.es\/wp-content\/uploads\/2025\/09\/1757402800-9054e869594f4082bc51c516c3c31aa3.jpg","_links":{"self":[{"href":"https:\/\/informacionlocal.es\/de\/wp-json\/wp\/v2\/posts\/10561","targetHints":{"allow":["GET"]}}],"collection":[{"href":"https:\/\/informacionlocal.es\/de\/wp-json\/wp\/v2\/posts"}],"about":[{"href":"https:\/\/informacionlocal.es\/de\/wp-json\/wp\/v2\/types\/post"}],"author":[{"embeddable":true,"href":"https:\/\/informacionlocal.es\/de\/wp-json\/wp\/v2\/users\/1"}],"replies":[{"embeddable":true,"href":"https:\/\/informacionlocal.es\/de\/wp-json\/wp\/v2\/comments?post=10561"}],"version-history":[{"count":0,"href":"https:\/\/informacionlocal.es\/de\/wp-json\/wp\/v2\/posts\/10561\/revisions"}],"wp:featuredmedia":[{"embeddable":true,"href":"https:\/\/informacionlocal.es\/de\/wp-json\/wp\/v2\/media\/10563"}],"wp:attachment":[{"href":"https:\/\/informacionlocal.es\/de\/wp-json\/wp\/v2\/media?parent=10561"}],"wp:term":[{"taxonomy":"category","embeddable":true,"href":"https:\/\/informacionlocal.es\/de\/wp-json\/wp\/v2\/categories?post=10561"},{"taxonomy":"post_tag","embeddable":true,"href":"https:\/\/informacionlocal.es\/de\/wp-json\/wp\/v2\/tags?post=10561"}],"curies":[{"name":"wp","href":"https:\/\/api.w.org\/{rel}","templated":true}]}}