{"id":10531,"date":"2025-09-08T22:58:29","date_gmt":"2025-09-08T21:58:29","guid":{"rendered":"https:\/\/informacionlocal.es\/cabildo-y-gobierno-de-canarias-continuan-incrementando-los-recursos-para-riego-agricola-en-fuerteventura\/"},"modified":"2025-09-08T22:58:29","modified_gmt":"2025-09-08T21:58:29","slug":"cabildo-y-gobierno-de-canarias-continuan-incrementando-los-recursos-para-riego-agricola-en-fuerteventura","status":"publish","type":"post","link":"https:\/\/informacionlocal.es\/de\/cabildo-y-gobierno-de-canarias-continuan-incrementando-los-recursos-para-riego-agricola-en-fuerteventura\/","title":{"rendered":"Cabildo y Gobierno de Canarias contin\u00faan incrementando los recursos para riego agr\u00edcola en Fuerteventura"},"content":{"rendered":"<div class=\"entry-content\"><strong>8 septiembre, 2025<\/strong><\/p>\n<p>El Gobierno de Canarias incrementar\u00e1 los recursos para riego agr\u00edcola en 2500 m\u00b3 al d\u00eda con una nueva desaladora en Fuerteventura<\/p>\n<p>El consejero de Agricultura y la presidenta del Cabildo visitaron la nueva instalaci\u00f3n ubicada en la EDAM de Gran Tarajal, que ha supuesto una inversi\u00f3n de 1,6 M \u20ac en la isla dentro de un plan del Ejecutivo regional para la puesta a disposici\u00f3n de las corporaciones insulares de diez nueva desaladoras para riego agr\u00edcola en toda Canarias<\/p>\n<p>El consejero de Agricultura, Ganader\u00eda, Pesca y Soberan\u00eda Alimentaria del Gobierno de Canarias\u00a0 Narvay Quintero, y la presidenta del Cabildo de Fuerteventura, Lola Garc\u00eda, realizaron hoy s\u00e1bado, 6 de septiembre, una visita a la nueva desaladora de la isla, prevista para su puesta en servicio a finales de mes y que dispone de una capacidad de producci\u00f3n de 2.500 m\u00b3 diarios de agua para incrementar los recursos h\u00eddricos disponibles para riego agr\u00edcola. Ubicada en la Estaci\u00f3n Desaladora de Aguas de Mar (EDAM) de Gran Tarajal, esta instalaci\u00f3n, desarrollada por el Instituto Tecnol\u00f3gico de Canarias (ITC) y referente de eficiencia energ\u00e9tica en desalaci\u00f3n, ha supuesto una inversi\u00f3n de en torno a 1,6 millones de euros, dentro de un plan del Ejecutivo regional para dotar a las islas de diez instalaciones por un importe total de 13,4 millones de euros.<\/p>\n<p>Durante el recorrido les acompa\u00f1aron el director general de Ganader\u00eda, Andr\u00e9s D\u00edaz Matoso; el consejero insular de Aguas, Educaci\u00f3n y Juventud, Sector Primario y Residuos, Adargoma Hern\u00e1ndez; la alcaldesa de Tuineje, Candelaria Umpi\u00e9rrez, y el gerente del Consorcio de Abastecimiento de Aguas de Fuerteventura (CAAF), Francisco Hormiga.<\/p>\n<p>El consejero Narvay Quintero se\u00f1al\u00f3 que \u201cla nueva desaladora se complementar\u00e1 con las obras de mejora de la red del centro-sur de la isla para dar respuesta a las necesidades de los agricultores y agricultoras de Fuerteventura ante la escasez de recursos h\u00eddricos\u201d. En este sentido Quintero a\u00f1adi\u00f3 que \u201cpor segundo a\u00f1o consecutivo el Ejecutivo canario ha concedido una ayuda extraordinaria para paliar los efectos de la sequ\u00eda en todo el Archipi\u00e9lago que junto a la medida del a\u00f1o pasado suma 7,9 millones de euros dirigidos a respaldar de manera inmediata a m\u00e1s de 3.000 productores y productoras perjudicados por esta situaci\u00f3n\u201d.<\/p>\n<p>Por su parte, la presidenta insular, Lola Garc\u00eda ha resaltado que \u201cdesde el Cabildo planificamos y damos celeridad a los proyectos que vienen a mejorar el agua agr\u00edcola en Fuerteventura, cumpliendo as\u00ed con una de las principales demandas de nuestro sector primario\u201d. En este caso, a\u00f1adi\u00f3 Garc\u00eda, \u201ccontando adem\u00e1s con una desaladora que destaca por su eficiencia energ\u00e9tica gracias al trabajo del Instituto Tecnol\u00f3gico de Canarias (ITC)\u201d.<\/p>\n<p>Financiada con cargo al Programa de Desarrollo Rural (PDR) a trav\u00e9s del\u00a0 Fondo Europeo Agr\u00edcola de Desarrollo Rural (FEADER) y con fondos propios del Ejecutivo regional, as\u00ed como una aportaci\u00f3n de 70.000 euros por parte del Cabildo para sufragar actuaciones de instalaci\u00f3n, la nueva planta de Gran Tarajal contribuir\u00e1 a incrementar para uso agr\u00edcola en la isla, a tiempo que se ejecutan mejoras y ampliaciones de la infraestructura de riego.<\/p>\n<p>En este sentido, el Ejecutivo canario destinar\u00e1 un total de 10,85 millones de euros a las redes e infraestructuras para riego agr\u00edcola en la isla que, adem\u00e1s del importe de 1,6 millones de euros destinado a la nueva desaladora, incluyen una inversi\u00f3n total de 9,25 millones de euros en las \u201cObras Accesorias del proyecto Modernizaci\u00f3n y mejora del regad\u00edo en la zona centro sur de Fuerteventura, T\u00e9rminos municipales de Tuineje y P\u00e1jara, Fuerteventura\u201d.<\/p>\n<p>Estas actuaciones se realizar\u00e1n para complementar con redes secundarias los trabajos que se ejecutan por convenio entre el Cabildo, a trav\u00e9s del Consocio de Abastecimiento de Agua de Fuerteventura (CAAF), y la Sociedad Mercantil Estatal de Infraestructuras Agrarias (SEIASA). \u201cUn proyecto al que damos celeridad absoluta desde el Cabildo, que asciende a m\u00e1s de 13 millones de euros y beneficiar\u00e1 a 289 regantes que cultivan 152 hect\u00e1reas\u201d, se\u00f1al\u00f3 Lola Garc\u00eda.\u00a0<\/p>\n<\/div>\n","protected":false},"excerpt":{"rendered":"<p>8 septiembre, 2025 El Gobierno de Canarias incrementar\u00e1 los recursos para riego agr\u00edcola en 2500 m\u00b3 al d\u00eda con una nueva desaladora en Fuerteventura El consejero de Agricultura y la [&hellip;]<\/p>\n","protected":false},"author":1,"featured_media":10533,"comment_status":"open","ping_status":"open","sticky":false,"template":"","format":"standard","meta":{"inline_featured_image":false,"jnews-multi-image_gallery":[],"jnews_single_post":[],"jnews_primary_category":[],"jnews_social_meta":[],"jnews_override_counter":[],"jnews_post_split":[],"footnotes":""},"categories":[58],"tags":[82],"class_list":["post-10531","post","type-post","status-publish","format-standard","has-post-thumbnail","hentry","category-cabildo","tag-fuerteventura"],"jetpack_featured_media_url":"https:\/\/informacionlocal.es\/wp-content\/uploads\/2025\/09\/1757316921-dbd333e5a4498db21a80d78e79edb319.jpg","_links":{"self":[{"href":"https:\/\/informacionlocal.es\/de\/wp-json\/wp\/v2\/posts\/10531","targetHints":{"allow":["GET"]}}],"collection":[{"href":"https:\/\/informacionlocal.es\/de\/wp-json\/wp\/v2\/posts"}],"about":[{"href":"https:\/\/informacionlocal.es\/de\/wp-json\/wp\/v2\/types\/post"}],"author":[{"embeddable":true,"href":"https:\/\/informacionlocal.es\/de\/wp-json\/wp\/v2\/users\/1"}],"replies":[{"embeddable":true,"href":"https:\/\/informacionlocal.es\/de\/wp-json\/wp\/v2\/comments?post=10531"}],"version-history":[{"count":0,"href":"https:\/\/informacionlocal.es\/de\/wp-json\/wp\/v2\/posts\/10531\/revisions"}],"wp:featuredmedia":[{"embeddable":true,"href":"https:\/\/informacionlocal.es\/de\/wp-json\/wp\/v2\/media\/10533"}],"wp:attachment":[{"href":"https:\/\/informacionlocal.es\/de\/wp-json\/wp\/v2\/media?parent=10531"}],"wp:term":[{"taxonomy":"category","embeddable":true,"href":"https:\/\/informacionlocal.es\/de\/wp-json\/wp\/v2\/categories?post=10531"},{"taxonomy":"post_tag","embeddable":true,"href":"https:\/\/informacionlocal.es\/de\/wp-json\/wp\/v2\/tags?post=10531"}],"curies":[{"name":"wp","href":"https:\/\/api.w.org\/{rel}","templated":true}]}}