{"id":10493,"date":"2025-09-08T18:11:31","date_gmt":"2025-09-08T17:11:31","guid":{"rendered":"https:\/\/informacionlocal.es\/puerto-del-rosario-arranca-la-cuenta-atras-para-vivir-sus-fiestas-en-honor-a-nuestra-senora-del-rosario\/"},"modified":"2025-09-08T18:11:31","modified_gmt":"2025-09-08T17:11:31","slug":"puerto-del-rosario-arranca-la-cuenta-atras-para-vivir-sus-fiestas-en-honor-a-nuestra-senora-del-rosario","status":"publish","type":"post","link":"https:\/\/informacionlocal.es\/de\/puerto-del-rosario-arranca-la-cuenta-atras-para-vivir-sus-fiestas-en-honor-a-nuestra-senora-del-rosario\/","title":{"rendered":"Puerto del Rosario arranca la cuenta atr\u00e1s para vivir sus Fiestas en Honor a Nuestra Se\u00f1ora del Rosario"},"content":{"rendered":"<div class=\"entry-content\">\n<ul>\n<li><strong>Un extenso calendario de actos religiosos, deportivos, culturales y festivos llenar\u00e1 de vida la capital majorera del 21 de septiembre al 11 de octubre<\/strong><\/li>\n<\/ul>\n<p><strong>\u00a0<\/strong><strong>En Puerto del Rosario, a 8 de septiembre de 2025.-<\/strong> Este lunes se ha celebrado en el Sal\u00f3n de Plenos del Ayuntamiento la presentaci\u00f3n oficial del programa de las Fiestas en Honor a Nuestra Se\u00f1ora del Rosario 2025, patrona de la capital majorera. Un acto que marca el arranque de una de las celebraciones m\u00e1s esperadas por la ciudadan\u00eda y que este a\u00f1o contar\u00e1 con un programa diverso y pensado para todos los p\u00fablicos.<\/p>\n<p>La cita cont\u00f3 con la presencia del alcalde, David de Vera; la concejala de Festejos, Tacoremi Guti\u00e9rrez; as\u00ed como Janey Casta\u00f1eyra, representante del Grupo de Recreaci\u00f3n Deportiva MERACAS, encargados de pregonar las fiestas este a\u00f1o.<\/p>\n<p><img loading=\"lazy\" decoding=\"async\" loading=\"lazy\" class=\"size-large wp-image-156972 aligncenter\" src=\"https:\/\/informacionlocal.es\/wp-content\/uploads\/2025\/09\/presentacion_003-1024x683-1.jpg\" width=\"1024\" height=\"683\" title=\"presentacion_003-1024x683-1\"><\/p>\n<p>El alcalde, David de Vera, subray\u00f3 que \u201cestas fiestas son mucho m\u00e1s que un calendario de actos, son tradici\u00f3n, sentimiento y participaci\u00f3n. Cada a\u00f1o, clubes deportivos, asociaciones y colectivos se vuelcan para hacer posible que Puerto del Rosario viva unas fiestas patronales a la altura de su gente. En los \u00faltimos a\u00f1os hemos querido consolidar actos recuperados como el Memorial Silvestre de Le\u00f3n de pesca de altura, adem\u00e1s de seguir apostando por citas tan emblem\u00e1ticas como las 24 Horas de Baloncesto. Queremos que estas fiestas sean participativas, reflejen las demandas que nos traslada la ciudadan\u00eda y se conviertan en un espacio de encuentro para todos los vecinos y vecinas\u201d.<\/p>\n<div class=\"wp-video\"><video class=\"wp-video-shortcode\" id=\"video-156969-1\" width=\"848\" height=\"480\" preload=\"metadata\" controls=\"controls\"><source type=\"video\/mp4\" src=\"https:\/\/www.puertodelrosario.org\/wp-content\/uploads\/WhatsApp-Video-2025-09-08-at-07.37.48.mp4?_=1\" \/><\/video><\/div>\n<p>Por su parte, la concejala de Festejos, Tacoremi Guti\u00e9rrez, destac\u00f3 el trabajo conjunto que ha hecho posible el programa de este a\u00f1o. \u201cEl 21 de septiembre arrancamos con el preg\u00f3n a cargo del Grupo MERACAS, un colectivo muy ligado a nuestra historia reciente y que representa el esp\u00edritu de uni\u00f3n y convivencia. El calendario incluye el Memorial Ram\u00f3n Casta\u00f1eyra, la ofrenda y procesi\u00f3n a Nuestra Se\u00f1ora del Rosario, y propuestas m\u00e1s actuales como el concierto principal de Macaco, la Noche Joven, el Talent Show \u2018Puerto tiene talento\u2019, la Carrera Mosquito Color Fest, el D\u00eda del Ni\u00f1o con atracciones a precios especiales, el II Paseo Solidario o el espect\u00e1culo de humor \u2018Risas en Puerto\u2019 con Omayra Cazorla y Daniel Calero. Queremos agradecer a todas las concejal\u00edas implicadas, a los colectivos y a las personas que se han sumado a este programa, porque gracias a ellos hemos podido dise\u00f1ar unas fiestas tan completas\u201d.<\/p>\n<p>En representaci\u00f3n del Grupo de Recreaci\u00f3n Deportiva MERACAS, Janey Casta\u00f1eyra puso en valor la oportunidad de abrir las fiestas con un mensaje que une deporte, memoria y convivencia, \u201cnuestra intenci\u00f3n es hacer un preg\u00f3n que combine emoci\u00f3n, diversi\u00f3n y tambi\u00e9n reivindicaci\u00f3n. Queremos invitar a toda nuestra gente del 24 Horas, que ya suma cuatro generaciones y una quinta que empieza ahora. Y animamos a todos a disfrutar del inicio de las fiestas con la gran cita del baloncesto, que este a\u00f1o terminar\u00e1 con la actuaci\u00f3n de un grupo de la casa, Chocolate Sexy\u201d.<\/p>\n<p>El programa 2025 se extender\u00e1 del 21 de septiembre al 11 de octubre con una oferta amplia y variada: torneos deportivos, festivales, conciertos, verbenas y actividades para todos los p\u00fablicos, incluidos los m\u00e1s peque\u00f1os, que contar\u00e1n con talleres, cine inmersivo y la tradicional fiesta de la espuma.<\/p>\n<p><img loading=\"lazy\" decoding=\"async\" loading=\"lazy\" class=\"size-large wp-image-156973 aligncenter\" src=\"https:\/\/informacionlocal.es\/wp-content\/uploads\/2025\/09\/presentacion_006-1024x683-1.jpg\" width=\"1024\" height=\"683\" title=\"presentacion_006-1024x683-1\"><\/p>\n<p>Estas fiestas convivir\u00e1n con actos tradicionales y propuestas innovadoras, dise\u00f1adas para que nadie se quede fuera de la celebraci\u00f3n. Adem\u00e1s, contar\u00e1n con la colaboraci\u00f3n de la Patrulla DiverSex de Altihay LGTBI+ Fuerteventura, la Federaci\u00f3n de Asociaciones de Mujeres Arena y Laurisilva y las fuerzas y cuerpos de seguridad, garantizando un entorno festivo m\u00e1s seguro y libre de agresiones.<\/p>\n<p>Las fiestas alcanzar\u00e1n su punto culminante el martes 7 de octubre, d\u00eda principal de la patrona, con la solemne eucarist\u00eda y la procesi\u00f3n por las calles de Puerto del Rosario.<\/p>\n<p>El programa completo de actos puede consultarse en la web del Ayuntamiento y en sus redes sociales.<\/p>\n<p>\u00a0<\/p>\n<p>\u00a0<\/p>\n<\/div>\n","protected":false},"excerpt":{"rendered":"<p>Un extenso calendario de actos religiosos, deportivos, culturales y festivos llenar\u00e1 de vida la capital majorera del 21 de septiembre al 11 de octubre \u00a0En Puerto del Rosario, a 8 [&hellip;]<\/p>\n","protected":false},"author":1,"featured_media":10495,"comment_status":"open","ping_status":"open","sticky":false,"template":"","format":"standard","meta":{"inline_featured_image":false,"jnews-multi-image_gallery":[],"jnews_single_post":[],"jnews_primary_category":[],"jnews_social_meta":[],"jnews_override_counter":[],"jnews_post_split":[],"footnotes":""},"categories":[61],"tags":[82],"class_list":["post-10493","post","type-post","status-publish","format-standard","has-post-thumbnail","hentry","category-puerto-del-rosario","tag-fuerteventura"],"jetpack_featured_media_url":"https:\/\/informacionlocal.es\/wp-content\/uploads\/2025\/09\/presentacion-fiestas.png","_links":{"self":[{"href":"https:\/\/informacionlocal.es\/de\/wp-json\/wp\/v2\/posts\/10493","targetHints":{"allow":["GET"]}}],"collection":[{"href":"https:\/\/informacionlocal.es\/de\/wp-json\/wp\/v2\/posts"}],"about":[{"href":"https:\/\/informacionlocal.es\/de\/wp-json\/wp\/v2\/types\/post"}],"author":[{"embeddable":true,"href":"https:\/\/informacionlocal.es\/de\/wp-json\/wp\/v2\/users\/1"}],"replies":[{"embeddable":true,"href":"https:\/\/informacionlocal.es\/de\/wp-json\/wp\/v2\/comments?post=10493"}],"version-history":[{"count":0,"href":"https:\/\/informacionlocal.es\/de\/wp-json\/wp\/v2\/posts\/10493\/revisions"}],"wp:featuredmedia":[{"embeddable":true,"href":"https:\/\/informacionlocal.es\/de\/wp-json\/wp\/v2\/media\/10495"}],"wp:attachment":[{"href":"https:\/\/informacionlocal.es\/de\/wp-json\/wp\/v2\/media?parent=10493"}],"wp:term":[{"taxonomy":"category","embeddable":true,"href":"https:\/\/informacionlocal.es\/de\/wp-json\/wp\/v2\/categories?post=10493"},{"taxonomy":"post_tag","embeddable":true,"href":"https:\/\/informacionlocal.es\/de\/wp-json\/wp\/v2\/tags?post=10493"}],"curies":[{"name":"wp","href":"https:\/\/api.w.org\/{rel}","templated":true}]}}