{"id":10475,"date":"2025-09-08T17:02:17","date_gmt":"2025-09-08T16:02:17","guid":{"rendered":"https:\/\/informacionlocal.es\/pajara-apuesta-por-renovar-su-maquinaria-pesada-del-parque-movil-con-una-nueva-retroexcavadora\/"},"modified":"2025-09-08T17:02:17","modified_gmt":"2025-09-08T16:02:17","slug":"pajara-apuesta-por-renovar-su-maquinaria-pesada-del-parque-movil-con-una-nueva-retroexcavadora","status":"publish","type":"post","link":"https:\/\/informacionlocal.es\/de\/pajara-apuesta-por-renovar-su-maquinaria-pesada-del-parque-movil-con-una-nueva-retroexcavadora\/","title":{"rendered":"P\u00e1jara apuesta por renovar su maquinaria pesada del Parque M\u00f3vil con una nueva retroexcavadora"},"content":{"rendered":"<div class=\"entry-content\">\n<p><b>\u00a0<\/b><b><i>La iniciativa cuenta con una inversi\u00f3n de m\u00e1s de 110.000 euros, con el objetivo de sustituir el material antiguo y adaptarlo a las nuevas tecnolog\u00edas<\/i><\/b><\/p>\n<p><span>El Ayuntamiento de P\u00e1jara ha incorporado una nueva maquinaria pesada para mejorar la Concejal\u00eda de Parque M\u00f3vil con un presupuesto de 113.156 euros para la adquisici\u00f3n de la retroexcavadora JCB. La intenci\u00f3n es poder ofrecer un mejor servicio en los trabajos de mantenimiento de todo el municipio.<\/span><\/p>\n<p><span>El teniente alcalde y concejal de Parque M\u00f3vil, Alexis Alonso, se\u00f1ala que el objetivo principal de esta actuaci\u00f3n es renovar los veh\u00edculos de la Concejal\u00eda que tienen m\u00e1s de 30 a\u00f1os y adaptarlos a las nuevas necesidades y tecnolog\u00edas existentes. \u201cEsta maquinaria servir\u00e1 para avanzar en la gesti\u00f3n de la limpieza del municipio en materia de sostenibilidad y tecnolog\u00eda\u201d, subraya.\u00a0<\/span><\/p>\n<p><span>Por su parte, el alcalde de P\u00e1jara, Alejandro Jorge, destaca que esta inversi\u00f3n demuestra la voluntad del grupo de gobierno por mejorar los servicios p\u00fablicos desde la base. Adem\u00e1s, afirma que \u201cesto solo es el inicio de una renovaci\u00f3n integral que iremos ejecutando por fases\u201d.<\/span><\/p>\n<p><span>La excavadora est\u00e1 equipada con una amplia gama de accesorios, entre los que destacan un pala de almeja 6:1, cazos de limpieza, cucharas bivalvas de 500mm y 670mm, un cazado de 40 y un martillo hidr\u00e1ulico.<\/span><\/p>\n<p><span>Con esta acci\u00f3n, el Ayuntamiento reafirma su compromiso por la mejora de la modernizaci\u00f3n progresiva de todo el equipamiento del Parque M\u00f3vil, eliminando la maquinaria obsoleta por unidades m\u00e1s eficientes y sostenibles.<\/span><\/p>\n<p><img fetchpriority=\"high\" decoding=\"async\" class=\"alignnone size-medium wp-image-20947\" src=\"https:\/\/informacionlocal.es\/wp-content\/uploads\/2025\/09\/imagen-de-whatsapp-2025-09-08-a-las-10-30-33_3ece3102-300x169-1.jpg\" width=\"300\" height=\"169\" title=\"imagen-de-whatsapp-2025-09-08-a-las-10-30-33_3ece3102-300x169-1\"><img decoding=\"async\" class=\"alignnone size-medium wp-image-20948\" src=\"https:\/\/informacionlocal.es\/wp-content\/uploads\/2025\/09\/imagen-de-whatsapp-2025-09-08-a-las-10-30-33_786601c6-300x169-1.jpg\" width=\"300\" height=\"169\" title=\"imagen-de-whatsapp-2025-09-08-a-las-10-30-33_786601c6-300x169-1\"><img decoding=\"async\" class=\"alignnone size-medium wp-image-20949\" src=\"https:\/\/informacionlocal.es\/wp-content\/uploads\/2025\/09\/imagen-de-whatsapp-2025-09-08-a-las-10-30-33_49d91da1-300x169-1.jpg\" width=\"300\" height=\"169\" title=\"imagen-de-whatsapp-2025-09-08-a-las-10-30-33_49d91da1-300x169-1\"><\/p>\n<\/div>\n","protected":false},"excerpt":{"rendered":"<p><i>La iniciativa cuenta con una inversi\u00f3n de m\u00e1s de 110.000 euros, con el objetivo de sustituir el material antiguo y adaptarlo a las nuevas tecnolog\u00edas<\/i><\/p>\n","protected":false},"author":1,"featured_media":10477,"comment_status":"open","ping_status":"open","sticky":false,"template":"","format":"standard","meta":{"inline_featured_image":false,"jnews-multi-image_gallery":[],"jnews_single_post":[],"jnews_primary_category":[],"jnews_social_meta":[],"jnews_override_counter":[],"jnews_post_split":[],"footnotes":""},"categories":[63],"tags":[66],"class_list":["post-10475","post","type-post","status-publish","format-standard","has-post-thumbnail","hentry","category-pajara","tag-servicios-publicos"],"jetpack_featured_media_url":"https:\/\/informacionlocal.es\/wp-content\/uploads\/2025\/09\/imagen-de-whatsapp-2025-09-08-a-las-10-30-33_e044b164.jpg","_links":{"self":[{"href":"https:\/\/informacionlocal.es\/de\/wp-json\/wp\/v2\/posts\/10475","targetHints":{"allow":["GET"]}}],"collection":[{"href":"https:\/\/informacionlocal.es\/de\/wp-json\/wp\/v2\/posts"}],"about":[{"href":"https:\/\/informacionlocal.es\/de\/wp-json\/wp\/v2\/types\/post"}],"author":[{"embeddable":true,"href":"https:\/\/informacionlocal.es\/de\/wp-json\/wp\/v2\/users\/1"}],"replies":[{"embeddable":true,"href":"https:\/\/informacionlocal.es\/de\/wp-json\/wp\/v2\/comments?post=10475"}],"version-history":[{"count":0,"href":"https:\/\/informacionlocal.es\/de\/wp-json\/wp\/v2\/posts\/10475\/revisions"}],"wp:featuredmedia":[{"embeddable":true,"href":"https:\/\/informacionlocal.es\/de\/wp-json\/wp\/v2\/media\/10477"}],"wp:attachment":[{"href":"https:\/\/informacionlocal.es\/de\/wp-json\/wp\/v2\/media?parent=10475"}],"wp:term":[{"taxonomy":"category","embeddable":true,"href":"https:\/\/informacionlocal.es\/de\/wp-json\/wp\/v2\/categories?post=10475"},{"taxonomy":"post_tag","embeddable":true,"href":"https:\/\/informacionlocal.es\/de\/wp-json\/wp\/v2\/tags?post=10475"}],"curies":[{"name":"wp","href":"https:\/\/api.w.org\/{rel}","templated":true}]}}