{"id":10469,"date":"2025-09-08T16:04:37","date_gmt":"2025-09-08T15:04:37","guid":{"rendered":"https:\/\/informacionlocal.es\/el-ayuntamiento-de-la-oliva-pone-a-punto-los-centros-educativos-para-la-vuelta-al-colegio\/"},"modified":"2025-09-08T16:04:37","modified_gmt":"2025-09-08T15:04:37","slug":"el-ayuntamiento-de-la-oliva-pone-a-punto-los-centros-educativos-para-la-vuelta-al-colegio","status":"publish","type":"post","link":"https:\/\/informacionlocal.es\/de\/el-ayuntamiento-de-la-oliva-pone-a-punto-los-centros-educativos-para-la-vuelta-al-colegio\/","title":{"rendered":"El Ayuntamiento de La Oliva pone a punto los centros educativos para la vuelta al colegio"},"content":{"rendered":"<p>Con el nuevo curso escolar a la vuelta de la esquina, el Ayuntamiento de La Oliva, a trav\u00e9s de la Concejal\u00eda de Educaci\u00f3n, que gestiona Omaira Saavedra, ultima detalles en los centros escolares del municipio para el comienzo del curso 2025\/2026. As\u00ed pues, el Consistorio se centra no solo en los habituales trabajos de reparaci\u00f3n y mantenimiento de los colegios como lo son la pintura y reforma de desperfectos en las instalaciones educativas, sino que, adem\u00e1s, invierte un casi 100.000 euros en otras mejoras que permitan la renovaci\u00f3n progresiva de los centros.<\/p>\n<p>En este sentido, las mejoras se realizaron durante los \u00faltimos meses en los 9 centros del municipio. En el CEIP Berban\u00e9 Figueroa adem\u00e1s de los habituales trabajos de mantenimiento, se sustituyeron las canastas y se pint\u00f3 el vallado. En lo que al CEIP Maria Castrillo se refiere, se repar\u00f3 el muro perimetral. Por otro lado, en el CEIP Anto\u00f1ito El Farero se arreglaron las persianas, el muro del comedor y se sustituy\u00f3 la grifer\u00eda en la mayor parte del centro. Para terminar con Corralejo, en el CEIP Parque Natural, no solo se realizaron las mismas reformas que en el Anto\u00f1ito El Farero, sino que a estas tambi\u00e9n se suman acciones como el cambio de sanitarios y la puesta en marcha de la fuente que se encontraba en desuso.  <\/p>\n<p>Adem\u00e1s, en el CEIP La Oliva se trabaj\u00f3 en la mejora del pavimento en aceras y canchas, se ampli\u00f3 la zona de la cocina y se instal\u00f3 una nueva cubierta impermeabilizada en el patio. Asimismo, en el CEIP Villaverde se sustituy\u00f3 el vallado y se instalaron pinchos antipalomas en la zona de la cancha. Las labores m\u00e1s destacadas en el CEIP Lajares son el arreglo de la p\u00e9rgola en la cancha deportiva, la instalaci\u00f3n de nueva cubierta en los patios de infantil y un nuevo cuarto para guardar material deportivo.<\/p>\n<p>Cabe destacar, a su vez, los trabajos en el CEIP El Tost\u00f3n donde se arregl\u00f3 el muro perimetral junto con la instalaci\u00f3n de una zona de sombra, adem\u00e1s de otras mejoras en el huerto junto con trabajos de carpinter\u00eda, entre los que se encuentra la sustituci\u00f3n de varias puertas de madera. Por \u00faltimo, en el CEIP Tindaya se llev\u00f3 a cabo un muro perimetral junto con reformas en los aseos.  <\/p>\n<p>Una de las mejoras m\u00e1s importantes que se han llevado a cabo en los CEIP Bernab\u00e9 Figueroa, Mar\u00eda Castrillo y La Oliva es la pintura de las canchas deportivas, una iniciativa que se pretende continuar implementando en el resto de centros educativos del municipio.<\/p>\n<p>El alcalde de La Oliva, Isa\u00ed Blanco, se\u00f1ala la importancia de no solo realizar los trabajos de mantenimiento en los colegios sino de, buscar una mejora constante de las instalaciones educativas: \u201cEstas labores ponen sobre la mesa la voluntad que tenemos desde el Ayuntamiento de continuar trabajando para que los centros dispongan de las mejores condiciones que permitan su habitual funcionamiento.\u201d<\/p>\n<p>Por su parte, la concejala de Educaci\u00f3n, Omaira Saavedra, explica: \u201cDesde la Concejal\u00eda priorizamos no solo los trabajos relativos al habitual mantenimiento de los colegios sino que, pretendemos, a su vez, poner el foco sobre otras mejoras que sol\u00edan pasar desapercibidas. Con ello conseguimos avanzar en la remodelaci\u00f3n de los centros, ofreciendo, por tanto, un entorno mejor para el estudio y desarrollo de los ni\u00f1os y ni\u00f1as del municipio.\u201d<\/p>\n<p>El gobierno local demuestra as\u00ed su compromiso con el bienestar de los estudiantes a trav\u00e9s de la reforma de uno de los espacios de mayor influencia en la educaci\u00f3n de los m\u00e1s peque\u00f1os y peque\u00f1as, el colegio.<\/p>\n","protected":false},"excerpt":{"rendered":"<p><span>La Concejal\u00eda de Educaci\u00f3n ultima detalles para que los ni\u00f1os y ni\u00f1as del municipio comiencen el curso 2025\/2026<\/span><\/p>\n","protected":false},"author":1,"featured_media":10471,"comment_status":"open","ping_status":"open","sticky":false,"template":"","format":"standard","meta":{"inline_featured_image":false,"jnews-multi-image_gallery":[],"jnews_single_post":[],"jnews_primary_category":[],"jnews_social_meta":[],"jnews_override_counter":[],"jnews_post_split":[],"footnotes":""},"categories":[62],"tags":[73],"class_list":["post-10469","post","type-post","status-publish","format-standard","has-post-thumbnail","hentry","category-la-oliva","tag-educacion"],"jetpack_featured_media_url":"https:\/\/informacionlocal.es\/wp-content\/uploads\/2025\/09\/5239_869ea6b3.png","_links":{"self":[{"href":"https:\/\/informacionlocal.es\/de\/wp-json\/wp\/v2\/posts\/10469","targetHints":{"allow":["GET"]}}],"collection":[{"href":"https:\/\/informacionlocal.es\/de\/wp-json\/wp\/v2\/posts"}],"about":[{"href":"https:\/\/informacionlocal.es\/de\/wp-json\/wp\/v2\/types\/post"}],"author":[{"embeddable":true,"href":"https:\/\/informacionlocal.es\/de\/wp-json\/wp\/v2\/users\/1"}],"replies":[{"embeddable":true,"href":"https:\/\/informacionlocal.es\/de\/wp-json\/wp\/v2\/comments?post=10469"}],"version-history":[{"count":0,"href":"https:\/\/informacionlocal.es\/de\/wp-json\/wp\/v2\/posts\/10469\/revisions"}],"wp:featuredmedia":[{"embeddable":true,"href":"https:\/\/informacionlocal.es\/de\/wp-json\/wp\/v2\/media\/10471"}],"wp:attachment":[{"href":"https:\/\/informacionlocal.es\/de\/wp-json\/wp\/v2\/media?parent=10469"}],"wp:term":[{"taxonomy":"category","embeddable":true,"href":"https:\/\/informacionlocal.es\/de\/wp-json\/wp\/v2\/categories?post=10469"},{"taxonomy":"post_tag","embeddable":true,"href":"https:\/\/informacionlocal.es\/de\/wp-json\/wp\/v2\/tags?post=10469"}],"curies":[{"name":"wp","href":"https:\/\/api.w.org\/{rel}","templated":true}]}}