{"id":1046,"date":"2025-04-10T16:42:33","date_gmt":"2025-04-10T16:42:33","guid":{"rendered":"https:\/\/informacionlocal.es\/die-stadtverwaltung-von-puerto-del-rosario-beginnt-mit-reinigungs-und-restaurierungsarbeiten-an-der-rosa-de-juana-sanchez-um-das-landwirtschaftliche-und-ethnografische-erbe-der-gemeinde-zu-erhalten\/"},"modified":"2025-04-14T10:05:59","modified_gmt":"2025-04-14T10:05:59","slug":"die-stadtverwaltung-von-puerto-del-rosario-beginnt-mit-reinigungs-und-restaurierungsarbeiten-an-der-rosa-de-juana-sanchez-um-das-landwirtschaftliche-und-ethnografische-erbe-der-gemeinde-zu-erhalten","status":"publish","type":"post","link":"https:\/\/informacionlocal.es\/de\/die-stadtverwaltung-von-puerto-del-rosario-beginnt-mit-reinigungs-und-restaurierungsarbeiten-an-der-rosa-de-juana-sanchez-um-das-landwirtschaftliche-und-ethnografische-erbe-der-gemeinde-zu-erhalten\/","title":{"rendered":"Die Stadtverwaltung von Puerto del Rosario beginnt mit Reinigungs- und Restaurierungsarbeiten an der Rosa de Juana S\u00e1nchez, um das landwirtschaftliche und ethnografische Erbe der Gemeinde zu erhalten."},"content":{"rendered":"<div class=\"entry-content\">\n<p><strong>Das st\u00e4dtische Anwesen in La Hondura wird im Rahmen eines Projekts zur Aufwertung der l\u00e4ndlichen Umgebung und der lokalen Geschichte in verschiedenen Phasen saniert.<\/strong><\/p>\n<p>In dieser Woche hat die Stadtverwaltung von Puerto del Rosario mit einer wichtigen Ma\u00dfnahme auf dem Gemeindegrundst\u00fcck La Rosa de Juana S\u00e1nchez im Norden des Stadtviertels La Hondura begonnen. Dieses Gebiet, das von gro\u00dfem historischem und kulturellem Wert ist, geh\u00f6rt zu einer Gruppe von l\u00e4ndlichen Grundst\u00fccken, die das landwirtschaftliche Ged\u00e4chtnis des alten Puerto Cabras bewahren und die nun von der Stadtverwaltung zur\u00fcckgewonnen werden sollen. <\/p>\n<p>Die durchgef\u00fchrten Arbeiten entsprechen der ersten Phase eines umfassenderen Projekts zur Restaurierung des Gel\u00e4ndes und bestehen im Wesentlichen aus Reinigungsarbeiten, der Beseitigung von Schutt und der Restaurierung traditioneller Steinelemente mit dem Ziel, dem Gel\u00e4nde sein urspr\u00fcngliches Aussehen zur\u00fcckzugeben und es f\u00fcr die \u00d6ffentlichkeit zug\u00e4nglich zu machen.<\/p>\n<p>Das Landgut zeichnet sich durch seine gro\u00dfen Gavias aus &#8211; traditionelle Trockenfelder auf Fuerteventura &#8211; sowie durch das Vorhandensein von R\u00e4umen aus Trockenmauerwerk und einer kreisf\u00f6rmigen, gepflasterten Tenne, die zu den sch\u00f6nsten und einzigartigsten in der Gemeinde geh\u00f6rt. Dieses aus Callaos (basaltischen Strandkieseln) errichtete Element besteht aus radialen Pflastersteinen, die mit Kalk und Kies verfugt sind, und zeugt von der M\u00fche und dem Wissen, das seit Generationen in der l\u00e4ndlichen Umgebung Fuerteventuras weitergegeben wird. <\/p>\n<p>Der <strong>B\u00fcrgermeister von Puerto del Rosario, David de Vera<\/strong>, wollte den Wert des Beginns dieser Arbeiten hervorheben und betonte, dass  <strong>&#8222;<em>La Rosa de Juana S\u00e1nchez ist Teil des reichen landwirtschaftlichen und kulturellen Erbes, das unsere Gemeinde w\u00e4hrend ihrer Zeit als Puerto Cabras gepr\u00e4gt hat. Es ist ein Ort, der trotz des Zustandes der Verlassenheit, in dem er vorgefunden wurde, eine einzigartige Sch\u00f6nheit bewahrt hat und es verdient, vor dem Vergessen bewahrt zu werden, damit k\u00fcnftige Generationen erfahren k\u00f6nnen, woher wir kommen. <\/em>&#8222;.<\/strong><\/p>\n<p><strong>Erica Gonz\u00e1lez<\/strong>, Leiterin der Abteilung f\u00fcr <strong>lokale Entwicklung<\/strong>, hob die Bedeutung dieser Aktion als Bekenntnis zur lokalen Identit\u00e4t und zur nachhaltigen Entwicklung hervor.  <strong>&#8222;<em>Wir sind dabei, einen Raum wiederherzustellen, der die lebendige Erinnerung an die Arbeit auf den Feldern, an die H\u00e4nde, die die Trockenmauern, die auf diesem Anwesen noch erhalten sind, von Hand gebaut haben, bewahrt. Dank der Beteiligung unserer kommunalen Dienste und der spezialisierten Arbeit der Steinmetze werden wir diese Strukturen restaurieren und diese Umgebung w\u00fcrdig gestalten, um sie zu einem Ort der Begegnung mit unseren Wurzeln zu machen. <\/em>&#8222;.<\/strong><\/p>\n<p>Gonz\u00e1lez f\u00fcgte hinzu, dass dieses Projekt auch Zukunftschancen in Bezug auf Besch\u00e4ftigung und lokale Dynamisierung er\u00f6ffne: <strong>&#8222;<em>Wir wollen, dass dieser Raum nicht nur ein Bezugspunkt f\u00fcr das kulturelle Erbe ist, sondern auch ein Instrument zur F\u00f6rderung von Aktivit\u00e4ten in der Gemeinde, sowohl unter touristischen als auch unter p\u00e4dagogischen Gesichtspunkten, indem wir Jugendliche, Schulen und Vereine in seine Nutzung und Erhaltung einbeziehen<\/em>&#8222;.<\/strong><\/p>\n<p>Der <strong>Stadtrat f\u00fcr Dienstleistungen und St\u00e4dte und Nachbarschaften, David de Le\u00f3n<\/strong>, bewertete den Beginn dieser Arbeiten ebenfalls als wichtigen Schritt im Rahmen des st\u00e4dtischen Plans zur Wiederherstellung \u00f6ffentlicher R\u00e4ume: <strong>&#8222;<em>Wir freuen uns besonders \u00fcber dieses Projekt, weil es alle Voraussetzungen f\u00fcr eine <\/em><\/strong> <strong><em>ein einzigartiger ethnografischer Park zu werden, ein Ort, der Geschichte und Natur atmet und der durch kollektive Anstrengungen aufgebaut wird. Diese Art von Initiative tr\u00e4gt zur Aufwertung von Randgebieten bei, die jahrelang in Vergessenheit geraten waren und nun wieder an Bedeutung gewinnen. <\/em><\/strong><strong>&#8222;.<\/strong><\/p>\n<p>De Le\u00f3n hob auch die Beteiligung der Mitarbeiter des Rathauses an den Arbeiten sowie die Koordinierung zwischen verschiedenen Bereichen der Stadtverwaltung hervor, um eine Ma\u00dfnahme zu erm\u00f6glichen, die die Erhaltung des kulturellen Erbes und die Verbesserung der l\u00e4ndlichen Umwelt in den Mittelpunkt stellt.<\/p>\n<p>Diese Ma\u00dfnahme ist Teil der Bem\u00fchungen der Stadtverwaltung von Puerto del Rosario, ihr historisches und nat\u00fcrliches Erbe aufzuwerten und eine Stadt zu f\u00f6rdern, die ihrer Vergangenheit mehr Respekt entgegenbringt und sich f\u00fcr eine nachhaltige Zukunft einsetzt. Die n\u00e4chsten Phasen des Projekts sehen eine weitere Restaurierung und Anpassung der Umgebung vor, immer mit dem Ziel, das traditionelle Wesen des Ortes zu respektieren und seine Integration in das soziale Leben der Gemeinde zu f\u00f6rdern. <\/p>\n<\/div>\n","protected":false},"excerpt":{"rendered":"<p>Das st\u00e4dtische Anwesen in La Hondura wird im Rahmen eines Projekts zur Aufwertung der l\u00e4ndlichen Umgebung und der lokalen Geschichte in verschiedenen Phasen saniert. In dieser Woche hat die Stadtverwaltung [&hellip;]<\/p>\n","protected":false},"author":1,"featured_media":591,"comment_status":"open","ping_status":"open","sticky":false,"template":"","format":"standard","meta":{"inline_featured_image":false,"jnews-multi-image_gallery":[],"jnews_single_post":[],"jnews_primary_category":[],"jnews_social_meta":[],"jnews_override_counter":[],"jnews_post_split":[],"footnotes":""},"categories":[293],"tags":[248,216,196,217,199],"class_list":["post-1046","post","type-post","status-publish","format-standard","has-post-thumbnail","hentry","category-puerto-del-rosario-de","tag-erbe","tag-fuerteventura-de","tag-gemeinden","tag-kultur-und-freizeit","tag-umwelt"],"jetpack_featured_media_url":"https:\/\/informacionlocal.es\/wp-content\/uploads\/2025\/04\/rosa-de-juana-titu-concejales.jpg","_links":{"self":[{"href":"https:\/\/informacionlocal.es\/de\/wp-json\/wp\/v2\/posts\/1046","targetHints":{"allow":["GET"]}}],"collection":[{"href":"https:\/\/informacionlocal.es\/de\/wp-json\/wp\/v2\/posts"}],"about":[{"href":"https:\/\/informacionlocal.es\/de\/wp-json\/wp\/v2\/types\/post"}],"author":[{"embeddable":true,"href":"https:\/\/informacionlocal.es\/de\/wp-json\/wp\/v2\/users\/1"}],"replies":[{"embeddable":true,"href":"https:\/\/informacionlocal.es\/de\/wp-json\/wp\/v2\/comments?post=1046"}],"version-history":[{"count":1,"href":"https:\/\/informacionlocal.es\/de\/wp-json\/wp\/v2\/posts\/1046\/revisions"}],"predecessor-version":[{"id":1724,"href":"https:\/\/informacionlocal.es\/de\/wp-json\/wp\/v2\/posts\/1046\/revisions\/1724"}],"wp:featuredmedia":[{"embeddable":true,"href":"https:\/\/informacionlocal.es\/de\/wp-json\/wp\/v2\/media\/591"}],"wp:attachment":[{"href":"https:\/\/informacionlocal.es\/de\/wp-json\/wp\/v2\/media?parent=1046"}],"wp:term":[{"taxonomy":"category","embeddable":true,"href":"https:\/\/informacionlocal.es\/de\/wp-json\/wp\/v2\/categories?post=1046"},{"taxonomy":"post_tag","embeddable":true,"href":"https:\/\/informacionlocal.es\/de\/wp-json\/wp\/v2\/tags?post=1046"}],"curies":[{"name":"wp","href":"https:\/\/api.w.org\/{rel}","templated":true}]}}