{"id":10445,"date":"2025-09-08T11:58:40","date_gmt":"2025-09-08T10:58:40","guid":{"rendered":"https:\/\/informacionlocal.es\/penita-gutierrez-autora-del-cartel-de-la-35-edicion-de-la-feria-del-libro-de-fuerteventura\/"},"modified":"2025-09-08T11:58:40","modified_gmt":"2025-09-08T10:58:40","slug":"penita-gutierrez-autora-del-cartel-de-la-35-edicion-de-la-feria-del-libro-de-fuerteventura","status":"publish","type":"post","link":"https:\/\/informacionlocal.es\/de\/penita-gutierrez-autora-del-cartel-de-la-35-edicion-de-la-feria-del-libro-de-fuerteventura\/","title":{"rendered":"Pe\u00f1ita Guti\u00e9rrez, autora del cartel de la 35 edici\u00f3n de la Feria del Libro de Fuerteventura"},"content":{"rendered":"<div class=\"entry-content\"><strong>8 septiembre, 2025<\/strong><\/p>\n<p><strong><em>La feria se celebrar\u00e1 del 23 al 26 de octubre, con la literatura y el conocimiento como reclamo<\/em><\/strong><\/p>\n<p>La artista Pe\u00f1ita Guti\u00e9rrez ha sido la encargada de elaborar el cartel de la 35 edici\u00f3n de la Feria del Libro de Fuerteventura que se celebrar\u00e1 del 23 al 26 de octubre en la Plaza del Centenario de Palacio de Formaci\u00f3n y Congresos, convirtiendo este espacio en punto de encuentro para autores, lectores y profesionales del sector editorial.<\/p>\n<p>La Feria del Libro de este a\u00f1o tiene como reclamo la vinculaci\u00f3n entre literatura y conocimiento, teniendo como lema la cita \u2018Leer es comprender. El acto de leer es entendimiento. Leer y comprender es vivir\u2019 del escritor \u00c1lvaro Pombo, Premio Cervantes 2024.<\/p>\n<p>Una cita reflejada en el cartel de esta edici\u00f3n, que corre a cargo de Pe\u00f1ita Guti\u00e9rrez, licenciada en Bellas Artes por la Universidad de La Laguna y con formaci\u00f3n en Lisboa y Granada.<\/p>\n<p>La autora se inspir\u00f3 en la tem\u00e1tica del conocimiento para desarrollar la idea final: \u201cnubes, representadas como libros, de las que caen gotas de lluvia, haciendo referencia al conocimiento que va dando vida al ser inanimado. Todo ello dentro de un contexto de querer afrontar la sobreinformaci\u00f3n, que existe en la actualidad por parte de las redes sociales, con la cultura y conciencia que aporta la lectura\u201d.<\/p>\n<p>El consejero de Cultura, Rayco Le\u00f3n, pone en valor la obra de una artista multidisciplinar, que utiliza el arte como herramienta de integraci\u00f3n y transformaci\u00f3n social. Su trayectoria abarca desde murales en contextos socioeducativos hasta ilustraciones de cuentos infantiles que promueven la igualdad, pasando por la pintura en vivo junto a bandas musicales y su participaci\u00f3n en festivales de arte urbano en Canarias.<\/p>\n<p>La Feria del Libro est\u00e1 organizada por el Centro Bibliotecario Insular, dependiente de la Consejer\u00eda de Cultura del Cabildo de Fuerteventura, y cuenta con la colaboraci\u00f3n del Instituto Canario de Desarrollo Cultural del Gobierno de Canarias.<\/p>\n<p>\u201cLa feria se reafirma como un espacio que fomenta el di\u00e1logo entre la literatura, la educaci\u00f3n y la sociedad, consolid\u00e1ndose como uno de los acontecimientos culturales de referencia en las islas\u201d, se\u00f1ala el consejero.<\/p>\n<\/div>\n","protected":false},"excerpt":{"rendered":"<p>8 septiembre, 2025 La feria se celebrar\u00e1 del 23 al 26 de octubre, con la literatura y el conocimiento como reclamo La artista Pe\u00f1ita Guti\u00e9rrez ha sido la encargada de [&hellip;]<\/p>\n","protected":false},"author":1,"featured_media":10447,"comment_status":"open","ping_status":"open","sticky":false,"template":"","format":"standard","meta":{"inline_featured_image":false,"jnews-multi-image_gallery":[],"jnews_single_post":[],"jnews_primary_category":[],"jnews_social_meta":[],"jnews_override_counter":[],"jnews_post_split":[],"footnotes":""},"categories":[58],"tags":[82,72],"class_list":["post-10445","post","type-post","status-publish","format-standard","has-post-thumbnail","hentry","category-cabildo","tag-fuerteventura","tag-integracion"],"jetpack_featured_media_url":"https:\/\/informacionlocal.es\/wp-content\/uploads\/2025\/09\/feria-del-libro-cartel.jpeg","_links":{"self":[{"href":"https:\/\/informacionlocal.es\/de\/wp-json\/wp\/v2\/posts\/10445","targetHints":{"allow":["GET"]}}],"collection":[{"href":"https:\/\/informacionlocal.es\/de\/wp-json\/wp\/v2\/posts"}],"about":[{"href":"https:\/\/informacionlocal.es\/de\/wp-json\/wp\/v2\/types\/post"}],"author":[{"embeddable":true,"href":"https:\/\/informacionlocal.es\/de\/wp-json\/wp\/v2\/users\/1"}],"replies":[{"embeddable":true,"href":"https:\/\/informacionlocal.es\/de\/wp-json\/wp\/v2\/comments?post=10445"}],"version-history":[{"count":0,"href":"https:\/\/informacionlocal.es\/de\/wp-json\/wp\/v2\/posts\/10445\/revisions"}],"wp:featuredmedia":[{"embeddable":true,"href":"https:\/\/informacionlocal.es\/de\/wp-json\/wp\/v2\/media\/10447"}],"wp:attachment":[{"href":"https:\/\/informacionlocal.es\/de\/wp-json\/wp\/v2\/media?parent=10445"}],"wp:term":[{"taxonomy":"category","embeddable":true,"href":"https:\/\/informacionlocal.es\/de\/wp-json\/wp\/v2\/categories?post=10445"},{"taxonomy":"post_tag","embeddable":true,"href":"https:\/\/informacionlocal.es\/de\/wp-json\/wp\/v2\/tags?post=10445"}],"curies":[{"name":"wp","href":"https:\/\/api.w.org\/{rel}","templated":true}]}}