{"id":10433,"date":"2025-09-07T15:58:42","date_gmt":"2025-09-07T14:58:42","guid":{"rendered":"https:\/\/informacionlocal.es\/antigua-celebrara-el-hermanamiento-con-la-villa-de-arafo-en-el-vino-de-honor\/"},"modified":"2025-09-07T15:58:42","modified_gmt":"2025-09-07T14:58:42","slug":"antigua-celebrara-el-hermanamiento-con-la-villa-de-arafo-en-el-vino-de-honor","status":"publish","type":"post","link":"https:\/\/informacionlocal.es\/de\/antigua-celebrara-el-hermanamiento-con-la-villa-de-arafo-en-el-vino-de-honor\/","title":{"rendered":"Antigua celebrar\u00e1 el Hermanamiento con la Villa de Arafo en el Vino de Honor"},"content":{"rendered":"<div class=\"elementor-widget-container\">\n<p><strong>Antigua celebrar\u00e1 el Hermanamiento con la Villa de Arafo en el Vino de Honor<\/strong><\/p>\n<p><strong>\u2022 Con nuestros hermanos de Arafo agrandamos una familia de tradici\u00f3n, cantes y cultura com\u00fan, se\u00f1ala el alcalde de Antigua un camino que inici\u00f3 nuestro querido D. Mauro Acosta y que ahora sellamos con un abrazo entre pueblos.<\/strong><\/p>\n<p><strong>\u2022 Orgullo es lo que siento al poder dirigirme a las gentes de Antigua usando la palabra hermanos, afirma el alcalde de Arafo, J. Ram\u00f3n Mart\u00edn P\u00e9rez, y agradezco al Ayuntamiento de Antigua y a su alcalde, Mat\u00edas Pe\u00f1a, querer seguir a\u00f1adiendo notas al pentagrama y a la melod\u00eda que nos une.<\/strong><\/p>\n<p>Este lunes, las Fiestas de Antigua celebran desde las 13:00 horas la solemne funci\u00f3n religiosa en Honor a Nuestra Se\u00f1ora de La Antigua, acompa\u00f1ada por la parranda El Campillo, y seguidamente tendr\u00e1 lugar el Vino de Honor con la Banda de Agaete arropando este momento de encuentro, en el que se celebrar\u00e1 el Hermanamiento entre los pueblos de Antigua y la Villa de Arafo, protagonizado por los alcaldes de ambos ayuntamientos, acompa\u00f1ados por los concejales y concejalas de ambas corporaciones municipales.<\/p>\n<p>Ser\u00e1 por la tarde a las 19:00 horas cuando se celebre la Procesi\u00f3n en Honor a Nuestra Se\u00f1ora de La Antigua acompa\u00f1ada de la Banda Militar del Regimiento Soria, poniendo fin a las Fiestas de Antigua a las 21:00 horas, la Scala Hifi adulta, Tu hocico me suena.<\/p>\n<p>\u00a0<\/p>\n<\/div>\n","protected":false},"excerpt":{"rendered":"<p><strong>Antigua celebrar\u00e1 el Hermanamiento con la Villa de Arafo en el Vino de Honor<\/strong><\/p>\n","protected":false},"author":1,"featured_media":10435,"comment_status":"open","ping_status":"open","sticky":false,"template":"","format":"standard","meta":{"inline_featured_image":false,"jnews-multi-image_gallery":[],"jnews_single_post":[],"jnews_primary_category":[],"jnews_social_meta":[],"jnews_override_counter":[],"jnews_post_split":[],"footnotes":""},"categories":[59],"tags":[],"class_list":["post-10433","post","type-post","status-publish","format-standard","has-post-thumbnail","hentry","category-antigua"],"jetpack_featured_media_url":"https:\/\/informacionlocal.es\/wp-content\/uploads\/2025\/09\/antigua-565-scaled-1.jpg","_links":{"self":[{"href":"https:\/\/informacionlocal.es\/de\/wp-json\/wp\/v2\/posts\/10433","targetHints":{"allow":["GET"]}}],"collection":[{"href":"https:\/\/informacionlocal.es\/de\/wp-json\/wp\/v2\/posts"}],"about":[{"href":"https:\/\/informacionlocal.es\/de\/wp-json\/wp\/v2\/types\/post"}],"author":[{"embeddable":true,"href":"https:\/\/informacionlocal.es\/de\/wp-json\/wp\/v2\/users\/1"}],"replies":[{"embeddable":true,"href":"https:\/\/informacionlocal.es\/de\/wp-json\/wp\/v2\/comments?post=10433"}],"version-history":[{"count":0,"href":"https:\/\/informacionlocal.es\/de\/wp-json\/wp\/v2\/posts\/10433\/revisions"}],"wp:featuredmedia":[{"embeddable":true,"href":"https:\/\/informacionlocal.es\/de\/wp-json\/wp\/v2\/media\/10435"}],"wp:attachment":[{"href":"https:\/\/informacionlocal.es\/de\/wp-json\/wp\/v2\/media?parent=10433"}],"wp:term":[{"taxonomy":"category","embeddable":true,"href":"https:\/\/informacionlocal.es\/de\/wp-json\/wp\/v2\/categories?post=10433"},{"taxonomy":"post_tag","embeddable":true,"href":"https:\/\/informacionlocal.es\/de\/wp-json\/wp\/v2\/tags?post=10433"}],"curies":[{"name":"wp","href":"https:\/\/api.w.org\/{rel}","templated":true}]}}