{"id":10391,"date":"2025-09-05T20:59:08","date_gmt":"2025-09-05T19:59:08","guid":{"rendered":"https:\/\/informacionlocal.es\/arranca-agrofuer-para-dar-paso-a-un-fin-de-semana-dedicado-al-producto-local-y-la-tradicion-majorera\/"},"modified":"2025-09-05T20:59:08","modified_gmt":"2025-09-05T19:59:08","slug":"arranca-agrofuer-para-dar-paso-a-un-fin-de-semana-dedicado-al-producto-local-y-la-tradicion-majorera","status":"publish","type":"post","link":"https:\/\/informacionlocal.es\/de\/arranca-agrofuer-para-dar-paso-a-un-fin-de-semana-dedicado-al-producto-local-y-la-tradicion-majorera\/","title":{"rendered":"Arranca AgroFuer para dar paso a un fin de semana dedicado al producto local y la tradici\u00f3n majorera"},"content":{"rendered":"<div class=\"entry-content\"><strong>5 septiembre, 2025<\/strong><\/p>\n<p><strong><em>Talleres, showcooking, rutas culturales y m\u00fasica llenar\u00e1n la feria, que cuenta con una veintena de stands de asociaciones, productores, comerciantes y artesanos locales<\/em><\/strong><\/p>\n<p>El Cabildo de Fuerteventura ha inaugurado la primera edici\u00f3n de AgroFuer, la cual se enmarca dentro del programa \u2018Fuerte por Naturaleza\u2019, impulsado por la Consejer\u00eda de Turismo y financiado por los fondos europeos Next Generation EU. La fiera cuenta con una veintena de stands, gracias a la participaci\u00f3n de asociaciones, productores, comerciantes y artesanos locales.<\/p>\n<p>Este proyecto lo desarrollan Cabildo de Fuerteventura, desde la Consejer\u00eda de Turismo, y la C\u00e1mara de Comercio, gracias a un convenio de colaboraci\u00f3n para vincular el crecimiento del sector tur\u00edstico con el desarrollo de las comunidades rurales.<\/p>\n<p>La iniciativa pretende dinamizar la econom\u00eda de los n\u00facleos rurales y promover el consumo de productos kil\u00f3metro cero, contando con un completo programa de actividades que se extender\u00e1 durante el todo el fin de semana, convirti\u00e9ndose en un punto de encuentro para el sector primario, la gastronom\u00eda y la cultura popular de Fuerteventura.<\/p>\n<p>En el acto inaugural han estado presentes la presidenta insular, Lola Garc\u00eda, la consejera de Turismo, Marlene Figueroa, la alcaldesa de Tuineje, Candelaria Umpi\u00e9rrez, y el presidente de la C\u00e1mara de Comercio de Fuerteventura, Juan Jes\u00fas Rodr\u00edguez.<\/p>\n<p>La presidenta, Lola Garc\u00eda, dio la bienvenida a un evento que promueve la econom\u00eda de las zonas rurales y fomentar el consumo de nuestro producto local. \u201cUn espacio que une nuestra gastronom\u00eda, artesan\u00eda y cultura\u201d.<\/p>\n<p>Por su parte, la consejera de Turismo, Marlene Figueroa, ha indicado que \u201cAgroFuer es gastronom\u00eda, producto local y artesan\u00eda que pone en valor la cadena del sector tur\u00edstico que no debe concentrarse simplemente en sol y playa\u201d. \u201cSe celebra dentro de un convenio, a trav\u00e9s de la Consejer\u00eda de Turismo y el Plan de Sostenibilidad Tur\u00edstica en Destino, para favorecer que el producto local tambi\u00e9n forme parte del destino\u201d, ha a\u00f1adido la consejera.<\/p>\n<p>La alcaldesa de Tuineje, Candelaria Umpi\u00e9rrez, ha comentado que \u201choy se celebra, con los mejores productos de la isla, el esfuerzo y la labor que hacen los hombres y las mujeres del campo, del mar y la artesan\u00eda\u201d.<\/p>\n<p>Adem\u00e1s, el presidente de la C\u00e1mara de Comercio de Fuerteventura, Juan Jes\u00fas Rodr\u00edguez Marichal, destac\u00f3 que Agrofuer representa una oportunidad para dinamizar las econom\u00edas rurales, aprovechando las sinergias con el sector tur\u00edstico. \u201cEstamos convencidos de que es una iniciativa para que todos los sectores se puedan ver beneficiados\u201d, a\u00f1adi\u00f3.<\/p>\n<p>En el acto de apertura estuvieron presentes, adem\u00e1s, la consejera de Comercio, Lolina Negr\u00edn, los concejales de Turismo, Dulce Garc\u00eda, y el concejal de sector primario, Jonathan Pe\u00f1a, as\u00ed como otros representantes insulares y municipales.<\/p>\n<p><strong>Viernes, 5 de septiembre<\/strong><\/p>\n<p>La jornada inaugural comenzar\u00e1 con un taller infantil y un showcooking del chef Alexis Morales, del restaurante \u2018El Invernadero\u2019.<\/p>\n<p>Durante la tarde, los asistentes podr\u00e1n disfrutar de un taller de pasteler\u00eda vegana y sin gluten, un taller de amasijo de gofio a cargo de Francisco Cabrera \u201cEl Molinero\u201d, as\u00ed como de la ruta animada \u201cUsos y costumbres de la sementera en Fuerteventura\u201d, organizada por la Asociaci\u00f3n Sociocultural M\u00e1s Ruines que Ca\u00edn.<\/p>\n<p>La m\u00fasica corre a cargo de \u2018Sinsonte\u2019, a partir de las 19.00 horas.<\/p>\n<p><strong>S\u00e1bado, 6 de septiembre<\/strong><\/p>\n<p>El segundo d\u00eda de feria comenzar\u00e1 con la representaci\u00f3n \u201cLas Simonas desde la transgresi\u00f3n al feminismo actual\u201d en la Casa de La Simona.<\/p>\n<p>A lo largo de la ma\u00f1ana habr\u00e1 actividades infantiles, un showcooking de Rayco Cabrera Fuentes, tallador profesional de frutas y verduras, adem\u00e1s de un taller de amasado de pellas de gofio y zurr\u00f3n.<\/p>\n<p>La tarde estar\u00e1 protagonizada por el taller de tallado de frutas y verduras, un showcooking del chef Manuel Ben\u00edtez Rodr\u00edguez, del restaurante Clandestino, y la ruta cultural \u201cUsos y costumbres de la sementera en Fuerteventura\u201d.<\/p>\n<p>El cierre de la jornada lo pondr\u00e1 la actuaci\u00f3n musical de la Parranda El Callao a las 20.00 horas.<\/p>\n<p>Con actividades pensadas para toda la familia, AgroFuer combina la puesta en valor del producto local, la gastronom\u00eda innovadora, la tradici\u00f3n cultural y el ocio en vivo, consolid\u00e1ndose como una feria que promueve el orgullo de lo nuestro y la uni\u00f3n de generaciones a trav\u00e9s del sector primario.<\/p>\n<\/div>\n","protected":false},"excerpt":{"rendered":"<p>5 septiembre, 2025 Talleres, showcooking, rutas culturales y m\u00fasica llenar\u00e1n la feria, que cuenta con una veintena de stands de asociaciones, productores, comerciantes y artesanos locales El Cabildo de Fuerteventura [&hellip;]<\/p>\n","protected":false},"author":1,"featured_media":10393,"comment_status":"open","ping_status":"open","sticky":false,"template":"","format":"standard","meta":{"inline_featured_image":false,"jnews-multi-image_gallery":[],"jnews_single_post":[],"jnews_primary_category":[],"jnews_social_meta":[],"jnews_override_counter":[],"jnews_post_split":[],"footnotes":""},"categories":[58],"tags":[82],"class_list":["post-10391","post","type-post","status-publish","format-standard","has-post-thumbnail","hentry","category-cabildo","tag-fuerteventura"],"jetpack_featured_media_url":"https:\/\/informacionlocal.es\/wp-content\/uploads\/2025\/09\/1757080671-acd355fbca385fe3d04ec07ee549cefe.jpg","_links":{"self":[{"href":"https:\/\/informacionlocal.es\/de\/wp-json\/wp\/v2\/posts\/10391","targetHints":{"allow":["GET"]}}],"collection":[{"href":"https:\/\/informacionlocal.es\/de\/wp-json\/wp\/v2\/posts"}],"about":[{"href":"https:\/\/informacionlocal.es\/de\/wp-json\/wp\/v2\/types\/post"}],"author":[{"embeddable":true,"href":"https:\/\/informacionlocal.es\/de\/wp-json\/wp\/v2\/users\/1"}],"replies":[{"embeddable":true,"href":"https:\/\/informacionlocal.es\/de\/wp-json\/wp\/v2\/comments?post=10391"}],"version-history":[{"count":0,"href":"https:\/\/informacionlocal.es\/de\/wp-json\/wp\/v2\/posts\/10391\/revisions"}],"wp:featuredmedia":[{"embeddable":true,"href":"https:\/\/informacionlocal.es\/de\/wp-json\/wp\/v2\/media\/10393"}],"wp:attachment":[{"href":"https:\/\/informacionlocal.es\/de\/wp-json\/wp\/v2\/media?parent=10391"}],"wp:term":[{"taxonomy":"category","embeddable":true,"href":"https:\/\/informacionlocal.es\/de\/wp-json\/wp\/v2\/categories?post=10391"},{"taxonomy":"post_tag","embeddable":true,"href":"https:\/\/informacionlocal.es\/de\/wp-json\/wp\/v2\/tags?post=10391"}],"curies":[{"name":"wp","href":"https:\/\/api.w.org\/{rel}","templated":true}]}}