{"id":10375,"date":"2025-09-05T18:58:53","date_gmt":"2025-09-05T17:58:53","guid":{"rendered":"https:\/\/informacionlocal.es\/la-oliva-embellece-lugares-abandonados-con-murales-de-un-artista-local\/"},"modified":"2025-09-05T18:58:53","modified_gmt":"2025-09-05T17:58:53","slug":"la-oliva-embellece-lugares-abandonados-con-murales-de-un-artista-local","status":"publish","type":"post","link":"https:\/\/informacionlocal.es\/de\/la-oliva-embellece-lugares-abandonados-con-murales-de-un-artista-local\/","title":{"rendered":"La Oliva embellece lugares abandonados con murales de un artista local"},"content":{"rendered":"<p>El Ayuntamiento de La Oliva, a trav\u00e9s de la Concejal\u00eda de Turismo y Medio Ambiente, que lidera David Fajardo, impulsa la renovaci\u00f3n de diferentes puntos deteriorados e inacabados con la creaci\u00f3n de murales que embellezcan el lugar a cargo del artista local Alejandro Mesa Fajardo. El objetivo es dar vida a aquellos sitios que parecen ser olvidados a pesar del elevado n\u00famero de personas que transitan en sus alrededores cada d\u00eda.<\/p>\n<p>El primer punto es el Camino de Tisajoire, en Los Lajares, un lugar estrat\u00e9gico que se busca embellecer con esta forma de expresi\u00f3n art\u00edstica que mimetiza el mural con el entorno natural de la zona a la vez que refleja las costumbres del pueblo majorero.<\/p>\n<p>A trav\u00e9s de esta acci\u00f3n se plantea una nueva perspectiva de enfoque con el que tratar a aquellos lugares inacabados y relegados al olvido, d\u00e1ndole voz al arte local y a la historia de nuestro pueblo, creando as\u00ed un punto de inter\u00e9s que visitar tanto para locales como visitantes del municipio.<\/p>\n<p>El alcalde de La Oliva, Isa\u00ed Blanco, destaca: \u201cEl arte sirve como veh\u00edculo para trasladar un mensaje importante, recuperar elementos olvidados y otorgarles una segunda vida. A trav\u00e9s de estos murales ponemos el foto en c\u00f3mo embellecer una zona que, a pesar de se transitada a diario por locales y visitantes de Los Lajares, estaba totalmente abandonada. De este modo, creamos un punto de inter\u00e9s que se aprovecha para contar la historia de los majoreros y majoreras.\u201d<\/p>\n<p>Por su parte, el concejal de Turismo y Medio Ambiente, David Fajardo, se\u00f1ala: \u201cEsta iniciativa surge con el fin de conseguir captar el inter\u00e9s de los residentes y visitantes de diferentes pueblos del municipio a un lugar que parec\u00eda ser olvidado. Este primer mural decidimos realizarlo en el Camino de Tisajoire, dando una segunda oportunidad a este lugar.\u201d <\/p>\n<p>\u201cLo que antes eran solo muros inacabados y abandonados que, mimetizados con el paisaje natural, se convierte en el lienzo sobre el que mostrar la obra de uno de nuestros artistas locales como lo es Alejandro Mesa, a la vez que recordamos las tradiciones y costumbres de la Isla.\u201d, a\u00f1adi\u00f3 Fajardo.<\/p>\n<p>Esta acci\u00f3n se seguir\u00e1 desarrollando en otros pueblos del municipio, buscando que los grafiteros respeten esta obra con el fin de que la historia, el arte y el mensaje de qui\u00e9n es el pueblo majorero perdure en el tiempo.<\/p>\n","protected":false},"excerpt":{"rendered":"<p><span>Turismo y Medio Ambiente impulsa el mural del artista majorero Alejandro Mesa Fajardo, que embellecer\u00e1 el Camino de Tisajoire en Los Lajares, una localizaci\u00f3n deteriorada del pueblo, para convertirla en un punto de inter\u00e9s para locales y visitantes del municipio<\/span><\/p>\n","protected":false},"author":1,"featured_media":10377,"comment_status":"open","ping_status":"open","sticky":false,"template":"","format":"standard","meta":{"inline_featured_image":false,"jnews-multi-image_gallery":[],"jnews_single_post":[],"jnews_primary_category":[],"jnews_social_meta":[],"jnews_override_counter":[],"jnews_post_split":[],"footnotes":""},"categories":[62],"tags":[76],"class_list":["post-10375","post","type-post","status-publish","format-standard","has-post-thumbnail","hentry","category-la-oliva","tag-medio-ambiente"],"jetpack_featured_media_url":"https:\/\/informacionlocal.es\/wp-content\/uploads\/2025\/09\/5238_219a92a0.png","_links":{"self":[{"href":"https:\/\/informacionlocal.es\/de\/wp-json\/wp\/v2\/posts\/10375","targetHints":{"allow":["GET"]}}],"collection":[{"href":"https:\/\/informacionlocal.es\/de\/wp-json\/wp\/v2\/posts"}],"about":[{"href":"https:\/\/informacionlocal.es\/de\/wp-json\/wp\/v2\/types\/post"}],"author":[{"embeddable":true,"href":"https:\/\/informacionlocal.es\/de\/wp-json\/wp\/v2\/users\/1"}],"replies":[{"embeddable":true,"href":"https:\/\/informacionlocal.es\/de\/wp-json\/wp\/v2\/comments?post=10375"}],"version-history":[{"count":0,"href":"https:\/\/informacionlocal.es\/de\/wp-json\/wp\/v2\/posts\/10375\/revisions"}],"wp:featuredmedia":[{"embeddable":true,"href":"https:\/\/informacionlocal.es\/de\/wp-json\/wp\/v2\/media\/10377"}],"wp:attachment":[{"href":"https:\/\/informacionlocal.es\/de\/wp-json\/wp\/v2\/media?parent=10375"}],"wp:term":[{"taxonomy":"category","embeddable":true,"href":"https:\/\/informacionlocal.es\/de\/wp-json\/wp\/v2\/categories?post=10375"},{"taxonomy":"post_tag","embeddable":true,"href":"https:\/\/informacionlocal.es\/de\/wp-json\/wp\/v2\/tags?post=10375"}],"curies":[{"name":"wp","href":"https:\/\/api.w.org\/{rel}","templated":true}]}}