{"id":10363,"date":"2025-09-05T17:00:19","date_gmt":"2025-09-05T16:00:19","guid":{"rendered":"https:\/\/informacionlocal.es\/avanfuer-celebra-10-anos-de-acciones-de-voluntariado-medioambiental-en-canarias\/"},"modified":"2025-09-05T17:00:19","modified_gmt":"2025-09-05T16:00:19","slug":"avanfuer-celebra-10-anos-de-acciones-de-voluntariado-medioambiental-en-canarias","status":"publish","type":"post","link":"https:\/\/informacionlocal.es\/de\/avanfuer-celebra-10-anos-de-acciones-de-voluntariado-medioambiental-en-canarias\/","title":{"rendered":"AVANFUER celebra 10 a\u00f1os de acciones de voluntariado medioambiental en Canarias"},"content":{"rendered":"<div class=\"entry-content\"><strong>5 septiembre, 2025<\/strong><\/p>\n<p><strong><em>Fuerteventura acoge a j\u00f3venes y expertos que se unen para fortalecer la reflexi\u00f3n y conexi\u00f3n con la naturaleza<\/em><\/strong><\/p>\n<p>La Asociaci\u00f3n de Voluntarios de Ayuda a la Naturaleza de Fuerteventura (AVANFUER) impulsa la celebraci\u00f3n del \u2018X Encuentro Internacional de Voluntariado Ambiental en Canarias\u2019, un espacio de intercambio y reflexi\u00f3n en torno a la conservaci\u00f3n y el voluntariado ambiental que, en esta edici\u00f3n, conmemora sus 10 a\u00f1os de trayectoria.<\/p>\n<p>Bajo el lema \u2018Volver a la ra\u00edz\u2019, el encuentro quiere resaltar la importancia de los or\u00edgenes de este proyecto colectivo y la conexi\u00f3n entre patrimonio natural, cultural y procesos ambientales, invitando a reflexionar sobre los retos actuales y futuros de la acci\u00f3n voluntaria.<\/p>\n<p>El evento re\u00fane a j\u00f3venes voluntarios de todas las islas del Archipi\u00e9lago, as\u00ed como a referentes de proyectos de voluntariado ambiental en el \u00e1mbito local, nacional e internacional.<\/p>\n<p>Durante cuatro d\u00edas, se combinar\u00e1n ponencias, mesas de intercambio, cinef\u00f3rum, actividades de voluntariado activo como la recogida de residuos en espacios naturales y visitas a lugares emblem\u00e1ticos de la isla.<\/p>\n<p>La cita tiene lugar del 4 al 7 de septiembre de 2025 en Fuerteventura, con actividades en el Albergue Juvenil de Tef\u00eda, el Centro Insular de Juventud y otros espacios naturales y culturales de Fuerteventura.<\/p>\n<p>Este proyecto cuenta con la subvenci\u00f3n de la Consejer\u00eda de Juventud del Cabildo de Fuerteventura, consolid\u00e1ndose como un referente en el \u00e1mbito del voluntariado ambiental en Canarias y un espacio de encuentro intergeneracional y multicultural.<\/p>\n<p>En el acto de bienvenida han estado presentes el consejero insular de Juventud, Adargoma Hern\u00e1ndez, la consejera de la Reserva de la Biosfera, Marlene Figueroa, el gerente de la Reserva de la Biosfera y fundador de AVANFUER, Toni Gallardo, y la presidenta de AVANFUER, Yanira C\u00e1ceres.<\/p>\n<p>El consejero de Juventud, Adargoma Hern\u00e1ndez, ha destacado que \u201ceste a\u00f1o han querido dedicar el programa al inicio del proyecto, con el objetivo de seguir potenciando el valor patrimonial y cultural, siempre de forma sostenible con el territorio, lo que constituye una se\u00f1a de identidad de AVANFUER\u201d.<\/p>\n<p>Por su parte, la consejera de la Reserva de la Biosfera, Marlene Figueroa, ha felicitado a AVANFUER por los 10 a\u00f1os de compromiso, en los que se ha consolidado como una de las asociaciones m\u00e1s importantes de la isla majorera, de Canarias y a nivel nacional.<\/p>\n<p>Por otro lado, la presidenta de AVANFUER, Yanira C\u00e1ceres, se\u00f1al\u00f3 que \u201cla asociaci\u00f3n es un proyecto que naci\u00f3 de la necesidad de cuidar el medio ambiente. Es un espacio creado por varias personas que forman parte de un colectivo de voluntariado ambiental en las islas con el objetivo de poner las experiencias en com\u00fan y trabajar en las \u00e1reas de inter\u00e9s\u201d.<\/p>\n<\/div>\n","protected":false},"excerpt":{"rendered":"<p>5 septiembre, 2025 Fuerteventura acoge a j\u00f3venes y expertos que se unen para fortalecer la reflexi\u00f3n y conexi\u00f3n con la naturaleza La Asociaci\u00f3n de Voluntarios de Ayuda a la Naturaleza [&hellip;]<\/p>\n","protected":false},"author":1,"featured_media":10365,"comment_status":"open","ping_status":"open","sticky":false,"template":"","format":"standard","meta":{"inline_featured_image":false,"jnews-multi-image_gallery":[],"jnews_single_post":[],"jnews_primary_category":[],"jnews_social_meta":[],"jnews_override_counter":[],"jnews_post_split":[],"footnotes":""},"categories":[58],"tags":[82,76],"class_list":["post-10363","post","type-post","status-publish","format-standard","has-post-thumbnail","hentry","category-cabildo","tag-fuerteventura","tag-medio-ambiente"],"jetpack_featured_media_url":"https:\/\/informacionlocal.es\/wp-content\/uploads\/2025\/09\/avanfuer-3.jpeg","_links":{"self":[{"href":"https:\/\/informacionlocal.es\/de\/wp-json\/wp\/v2\/posts\/10363","targetHints":{"allow":["GET"]}}],"collection":[{"href":"https:\/\/informacionlocal.es\/de\/wp-json\/wp\/v2\/posts"}],"about":[{"href":"https:\/\/informacionlocal.es\/de\/wp-json\/wp\/v2\/types\/post"}],"author":[{"embeddable":true,"href":"https:\/\/informacionlocal.es\/de\/wp-json\/wp\/v2\/users\/1"}],"replies":[{"embeddable":true,"href":"https:\/\/informacionlocal.es\/de\/wp-json\/wp\/v2\/comments?post=10363"}],"version-history":[{"count":0,"href":"https:\/\/informacionlocal.es\/de\/wp-json\/wp\/v2\/posts\/10363\/revisions"}],"wp:featuredmedia":[{"embeddable":true,"href":"https:\/\/informacionlocal.es\/de\/wp-json\/wp\/v2\/media\/10365"}],"wp:attachment":[{"href":"https:\/\/informacionlocal.es\/de\/wp-json\/wp\/v2\/media?parent=10363"}],"wp:term":[{"taxonomy":"category","embeddable":true,"href":"https:\/\/informacionlocal.es\/de\/wp-json\/wp\/v2\/categories?post=10363"},{"taxonomy":"post_tag","embeddable":true,"href":"https:\/\/informacionlocal.es\/de\/wp-json\/wp\/v2\/tags?post=10363"}],"curies":[{"name":"wp","href":"https:\/\/api.w.org\/{rel}","templated":true}]}}