{"id":1034,"date":"2025-04-10T16:50:10","date_gmt":"2025-04-10T16:50:10","guid":{"rendered":"https:\/\/informacionlocal.es\/entdecken-sie-die-neue-ausgabe-von-speak-and-share-mit-den-neuesten-nachrichten-zur-lokalen-entwicklung\/"},"modified":"2025-04-14T10:00:19","modified_gmt":"2025-04-14T10:00:19","slug":"entdecken-sie-die-neue-ausgabe-von-speak-and-share-mit-den-neuesten-nachrichten-zur-lokalen-entwicklung","status":"publish","type":"post","link":"https:\/\/informacionlocal.es\/de\/entdecken-sie-die-neue-ausgabe-von-speak-and-share-mit-den-neuesten-nachrichten-zur-lokalen-entwicklung\/","title":{"rendered":"Entdecken Sie die neue Ausgabe von &#8222;Speak and Share&#8220; mit den neuesten Nachrichten zur lokalen Entwicklung."},"content":{"rendered":"<p>Die Stadtverwaltung von La Oliva pr\u00e4sentiert \u00fcber die Abteilung f\u00fcr lokale Entwicklung unter der Leitung von Alexandra Mart\u00edn die neue Ausgabe des Newsletters &#8222;Opina y Comparte&#8220;. Ziel dieses Dokuments ist es, Informationen \u00fcber neue Entwicklungen in diesem Gebiet im letzten Monat zu liefern. In dieser Ausgabe finden Sie Erfolgsgeschichten von Menschen, die dank unseres PBE einen Arbeitsplatz gefunden haben, Informationen \u00fcber unseren PRODAE-Unternehmerbereich, Schulungen und Kurse.<\/p>\n<p>Ein weiterer wichtiger Punkt des Bulletins ist es, die B\u00fcrgerinnen und B\u00fcrger detailliert \u00fcber die Arbeit im Bereich der lokalen Entwicklung zu informieren. Dar\u00fcber hinaus ermutigt das Ministerium alle, die ihre Stimme erheben m\u00f6chten, dies \u00fcber diese Ressource zu tun.<\/p>\n<p>Der B\u00fcrgermeister von La Oliva, Isa\u00ed Blanco, sagt: &#8222;Dieses Dokument ist ein wertvolles Instrument f\u00fcr die Abteilung f\u00fcr lokale Entwicklung, da es ihnen erm\u00f6glicht, der Bev\u00f6lkerung die Bewegungen n\u00e4her zu bringen, die in der Region entwickelt und gef\u00f6rdert werden, um die Besch\u00e4ftigungsf\u00e4higkeit in unserer Gemeinde zu verbessern&#8220;.<\/p>\n<p>Die Stadtr\u00e4tin f\u00fcr lokale Entwicklung, Alexandra Mart\u00edn, erinnert daran: &#8222;Das Bulletin dient nicht nur dem Stadtrat dazu, alle Informationen \u00fcber die Arbeit, die jeden Monat geleistet wird, bekannt zu machen, sondern es soll auch als Lautsprecher f\u00fcr alle Nachbarn dienen, die ihre Meinung, Vorschl\u00e4ge und andere Ideen im Zusammenhang mit der Besch\u00e4ftigung \u00e4u\u00dfern wollen&#8220;.<\/p>\n<p>Sie k\u00f6nnen alle Newsletter \u00fcber den folgenden Link abrufen: https:\/\/laoliva.es\/PBE\/ Stadtr\u00e4tin Alexandra Mart\u00edn m\u00f6chte n\u00e4her bei Ihnen sein.<\/p>\n","protected":false},"excerpt":{"rendered":"<p><span>Dieses Bulletin enth\u00e4lt Informationen \u00fcber die Entwicklungen in diesem Gebiet im letzten Monat.<\/span><\/p>\n","protected":false},"author":1,"featured_media":603,"comment_status":"open","ping_status":"open","sticky":false,"template":"","format":"standard","meta":{"inline_featured_image":false,"jnews-multi-image_gallery":[],"jnews_single_post":[],"jnews_primary_category":[],"jnews_social_meta":[],"jnews_override_counter":[],"jnews_post_split":[],"footnotes":""},"categories":[291],"tags":[242,215,196,213,197],"class_list":["post-1034","post","type-post","status-publish","format-standard","has-post-thumbnail","hentry","category-la-oliva-de","tag-aufforderungen-zur-einreichung-von-bewerbungen","tag-beschaftigung-und-ausbildung","tag-gemeinden","tag-integration-de","tag-offentliche-dienste"],"jetpack_featured_media_url":"https:\/\/informacionlocal.es\/wp-content\/uploads\/2025\/04\/5184_4c17ef00.png","_links":{"self":[{"href":"https:\/\/informacionlocal.es\/de\/wp-json\/wp\/v2\/posts\/1034","targetHints":{"allow":["GET"]}}],"collection":[{"href":"https:\/\/informacionlocal.es\/de\/wp-json\/wp\/v2\/posts"}],"about":[{"href":"https:\/\/informacionlocal.es\/de\/wp-json\/wp\/v2\/types\/post"}],"author":[{"embeddable":true,"href":"https:\/\/informacionlocal.es\/de\/wp-json\/wp\/v2\/users\/1"}],"replies":[{"embeddable":true,"href":"https:\/\/informacionlocal.es\/de\/wp-json\/wp\/v2\/comments?post=1034"}],"version-history":[{"count":1,"href":"https:\/\/informacionlocal.es\/de\/wp-json\/wp\/v2\/posts\/1034\/revisions"}],"predecessor-version":[{"id":1628,"href":"https:\/\/informacionlocal.es\/de\/wp-json\/wp\/v2\/posts\/1034\/revisions\/1628"}],"wp:featuredmedia":[{"embeddable":true,"href":"https:\/\/informacionlocal.es\/de\/wp-json\/wp\/v2\/media\/603"}],"wp:attachment":[{"href":"https:\/\/informacionlocal.es\/de\/wp-json\/wp\/v2\/media?parent=1034"}],"wp:term":[{"taxonomy":"category","embeddable":true,"href":"https:\/\/informacionlocal.es\/de\/wp-json\/wp\/v2\/categories?post=1034"},{"taxonomy":"post_tag","embeddable":true,"href":"https:\/\/informacionlocal.es\/de\/wp-json\/wp\/v2\/tags?post=1034"}],"curies":[{"name":"wp","href":"https:\/\/api.w.org\/{rel}","templated":true}]}}