{"id":10309,"date":"2025-09-04T17:58:31","date_gmt":"2025-09-04T16:58:31","guid":{"rendered":"https:\/\/informacionlocal.es\/resuenan-los-motores-apunto-de-tomar-salida-en-el-xxx-rally-de-antigua\/"},"modified":"2025-09-04T17:58:31","modified_gmt":"2025-09-04T16:58:31","slug":"resuenan-los-motores-apunto-de-tomar-salida-en-el-xxx-rally-de-antigua","status":"publish","type":"post","link":"https:\/\/informacionlocal.es\/de\/resuenan-los-motores-apunto-de-tomar-salida-en-el-xxx-rally-de-antigua\/","title":{"rendered":"Resuenan los motores apunto de tomar salida en el XXX Rally de Antigua"},"content":{"rendered":"<div class=\"elementor-widget-container\">\n<p><strong>Resuenan los motores a punto de tomar salida en el XXX Rally de Antigua<\/strong><\/p>\n<p><strong>\u2022 En Antigua se escuchan los motores, se siente la tensi\u00f3n de los mejores equipos del motor preparados para tomar salida en el treinta aniversario del Rally de Antigua. <\/strong><br \/><strong>\u2022 Este viernes 5 de septiembre desde la plaza de Antigua a las 20:30 horas, espectacular Ceremonia de Salida de los m\u00e1s de veinte coches inscritos. <\/strong><br \/><strong>\u2022 El Rally de Antigua cumple treinta ediciones dando salida, reconociendo pilotos y copilotos y entregando trofeos a equipos campeones de Canarias.<\/strong><\/p>\n<p>Este viernes 5 de septiembre desde la plaza de Antigua y a partir de las 20:30 horas, la afici\u00f3n al motor tendr\u00e1 la ocasi\u00f3n de ver de cerca los m\u00e1s de veinte veh\u00edculos inscritos y presentes en la Ceremonia de Salida del XXX Rally de Antigua, compartiendo y conversando de t\u00fa a t\u00fa con los mejores pilotos y copilotos de Canarias.<\/p>\n<p>El alcalde de Antigua, Mat\u00edas Pe\u00f1a, recuerda que tambi\u00e9n cumple 30 a\u00f1os tomando la salida en Rallys, el piloto anterior Campe\u00f3n de Canarias, An\u00edbal Hern\u00e1ndez, que este a\u00f1o pilotar\u00e1 su recuperado coche in extremis para el Rally de Antigua, copilotado con otro conocido campe\u00f3n local, Rub\u00e9n P\u00e9rez.<\/p>\n<p>Entre los locales reaparece el destacado equipo del motor local, Manuel Guti\u00e9rrez y Tino Vega, que seguro plantar\u00e1n cara a los actuales Campeones de Canarias en Rallys de Tierra, Cristian Calder\u00edn y Ver\u00f3nica Tejeda o al equipo que combina la veteran\u00eda del campe\u00f3n de Espa\u00f1a 2022, Juan Carlos Quintana y el joven pero con 22 a\u00f1os de carreras como copiloto, Jonathan Hern\u00e1ndez.<\/p>\n<p>El XXX Rally de Antigua esta de enhorabuena por las ediciones cumplidas y por llegar a este momento con los clubs unidos de la isla, un ejemplo para toda Canarias, afirma el concejal de \u00e1rea Samuel Torres Mesa, siendo los clubs unidos quienes organizan esta edici\u00f3n con la colaboraci\u00f3n y financiaci\u00f3n del Ayuntamiento de Antigua, el respaldo de las Federaciones de Automovilismo de Canarias y Las Palmas y el apoyo del Cabildo de Fuerteventura.<\/p>\n<\/div>\n","protected":false},"excerpt":{"rendered":"<p><strong>Resuenan los motores a punto de tomar salida en el XXX Rally de Antigua<\/strong><\/p>\n","protected":false},"author":1,"featured_media":10311,"comment_status":"open","ping_status":"open","sticky":false,"template":"","format":"standard","meta":{"inline_featured_image":false,"jnews-multi-image_gallery":[],"jnews_single_post":[],"jnews_primary_category":[],"jnews_social_meta":[],"jnews_override_counter":[],"jnews_post_split":[],"footnotes":""},"categories":[59],"tags":[82],"class_list":["post-10309","post","type-post","status-publish","format-standard","has-post-thumbnail","hentry","category-antigua","tag-fuerteventura"],"jetpack_featured_media_url":"https:\/\/informacionlocal.es\/wp-content\/uploads\/2025\/09\/salida-de-honor-de-anibal-hernandez-en-la-pasada-edicion-scaled-1.jpg","_links":{"self":[{"href":"https:\/\/informacionlocal.es\/de\/wp-json\/wp\/v2\/posts\/10309","targetHints":{"allow":["GET"]}}],"collection":[{"href":"https:\/\/informacionlocal.es\/de\/wp-json\/wp\/v2\/posts"}],"about":[{"href":"https:\/\/informacionlocal.es\/de\/wp-json\/wp\/v2\/types\/post"}],"author":[{"embeddable":true,"href":"https:\/\/informacionlocal.es\/de\/wp-json\/wp\/v2\/users\/1"}],"replies":[{"embeddable":true,"href":"https:\/\/informacionlocal.es\/de\/wp-json\/wp\/v2\/comments?post=10309"}],"version-history":[{"count":0,"href":"https:\/\/informacionlocal.es\/de\/wp-json\/wp\/v2\/posts\/10309\/revisions"}],"wp:featuredmedia":[{"embeddable":true,"href":"https:\/\/informacionlocal.es\/de\/wp-json\/wp\/v2\/media\/10311"}],"wp:attachment":[{"href":"https:\/\/informacionlocal.es\/de\/wp-json\/wp\/v2\/media?parent=10309"}],"wp:term":[{"taxonomy":"category","embeddable":true,"href":"https:\/\/informacionlocal.es\/de\/wp-json\/wp\/v2\/categories?post=10309"},{"taxonomy":"post_tag","embeddable":true,"href":"https:\/\/informacionlocal.es\/de\/wp-json\/wp\/v2\/tags?post=10309"}],"curies":[{"name":"wp","href":"https:\/\/api.w.org\/{rel}","templated":true}]}}