{"id":10293,"date":"2025-09-04T16:04:18","date_gmt":"2025-09-04T15:04:18","guid":{"rendered":"https:\/\/informacionlocal.es\/a-contracultura-despide-este-viernes-su-semana-cultural-con-un-gran-concierto-en-la-plaza-de-la-paz\/"},"modified":"2025-09-04T16:04:18","modified_gmt":"2025-09-04T15:04:18","slug":"a-contracultura-despide-este-viernes-su-semana-cultural-con-un-gran-concierto-en-la-plaza-de-la-paz","status":"publish","type":"post","link":"https:\/\/informacionlocal.es\/de\/a-contracultura-despide-este-viernes-su-semana-cultural-con-un-gran-concierto-en-la-plaza-de-la-paz\/","title":{"rendered":"\u2018A contracultura\u2019 despide este viernes su semana cultural con un gran concierto en la Plaza de la Paz"},"content":{"rendered":"<div class=\"entry-content\">\n<ul>\n<li><span><strong>Jimenos Band, Xente y la Banda, Ochenteros, Supawayah y un Tributo a U2 pondr\u00e1n la m\u00fasica en directo a partir de las 19.00 horas.<\/strong><strong>\u00a0<\/strong><\/span><\/li>\n<\/ul>\n<p><span><strong>En Puerto del Rosario, a 4 de noviembre de 2025.-<\/strong> Este viernes, 5 de septiembre, \u2018A Contracultura\u2019 pone el broche de oro a una semana llena de cultura en Puerto del Rosario con un concierto en la Plaza de la Paz a partir de las 19:00 horas.<\/span><\/p>\n<p><span>Sobre el escenario se dar\u00e1n cita Jimenos Band, Xente y la Banda, Ochenteros, Supawayah y Tributo U2, en una noche pensada para todos los p\u00fablicos que cierra una programaci\u00f3n que ha reunido poes\u00eda, literatura, memoria hist\u00f3rica, teatro y exposiciones en distintos espacios del municipio.<\/span><\/p>\n<p><span>El alcalde de Puerto del Rosario, <strong data-start=\"1150\" data-end=\"1167\">David de Vera<\/strong>, asegur\u00f3 que \u201cdespu\u00e9s de tantos d\u00edas de cultura, cerrar este evento con m\u00fasica en la calle es como ponerle un punto y aparte perfecto a esta semana. Ser\u00e1 una noche para pasarlo bien y disfrutar de buen ambiente en la Plaza de la Paz\u201d.<\/span><\/p>\n<p><img loading=\"lazy\" decoding=\"async\" loading=\"lazy\" class=\"size-large wp-image-156928 aligncenter\" src=\"https:\/\/informacionlocal.es\/wp-content\/uploads\/2025\/09\/a-contracultura-5-sept-1-576x1024-1.jpeg\" width=\"576\" height=\"1024\" title=\"a-contracultura-5-sept-1-576x1024-1\"><\/p>\n<p><span>Por su parte, el concejal de Cultura, Juan Manuel Verdugo, a\u00f1adi\u00f3 que \u201cla noche del viernes es el mejor ejemplo de lo que buscamos con \u2018A contracultura\u2019, una propuesta abierta, diversa y cercana. Este concierto final es uno de los momentos m\u00e1s esperados, donde se mezclan todas las edades y gustos musicales\u201d.<\/span><\/p>\n<p><span>Desde el pasado lunes, \u2018A contracultura\u2019 ha ofrecido una variada agenda con la inauguraci\u00f3n de la exposici\u00f3n contracultural y la muestra de William Rocchi, la d\u00e9cima edici\u00f3n de Puerto es Poes\u00eda con Cecilia Dom\u00ednguez Luis y Ricardo Hern\u00e1ndez Bravo, la presentaci\u00f3n del libro Franco del historiador Juli\u00e1n Casanova, la charla del reportero gr\u00e1fico Manuel Ovalle y la representaci\u00f3n teatral Es mi hombre de la compa\u00f1\u00eda Livianas Provincianas.<\/span><\/p>\n<\/div>\n","protected":false},"excerpt":{"rendered":"<p>Jimenos Band, Xente y la Banda, Ochenteros, Supawayah y un Tributo a U2 pondr\u00e1n la m\u00fasica en directo a partir de las 19.00 horas.\u00a0 En Puerto del Rosario, a 4 [&hellip;]<\/p>\n","protected":false},"author":1,"featured_media":10295,"comment_status":"open","ping_status":"open","sticky":false,"template":"","format":"standard","meta":{"inline_featured_image":false,"jnews-multi-image_gallery":[],"jnews_single_post":[],"jnews_primary_category":[],"jnews_social_meta":[],"jnews_override_counter":[],"jnews_post_split":[],"footnotes":""},"categories":[61],"tags":[211],"class_list":["post-10293","post","type-post","status-publish","format-standard","has-post-thumbnail","hentry","category-puerto-del-rosario","tag-puerto-del-rosario"],"jetpack_featured_media_url":"https:\/\/informacionlocal.es\/wp-content\/uploads\/2025\/09\/a-contracultura-2.png","_links":{"self":[{"href":"https:\/\/informacionlocal.es\/de\/wp-json\/wp\/v2\/posts\/10293","targetHints":{"allow":["GET"]}}],"collection":[{"href":"https:\/\/informacionlocal.es\/de\/wp-json\/wp\/v2\/posts"}],"about":[{"href":"https:\/\/informacionlocal.es\/de\/wp-json\/wp\/v2\/types\/post"}],"author":[{"embeddable":true,"href":"https:\/\/informacionlocal.es\/de\/wp-json\/wp\/v2\/users\/1"}],"replies":[{"embeddable":true,"href":"https:\/\/informacionlocal.es\/de\/wp-json\/wp\/v2\/comments?post=10293"}],"version-history":[{"count":0,"href":"https:\/\/informacionlocal.es\/de\/wp-json\/wp\/v2\/posts\/10293\/revisions"}],"wp:featuredmedia":[{"embeddable":true,"href":"https:\/\/informacionlocal.es\/de\/wp-json\/wp\/v2\/media\/10295"}],"wp:attachment":[{"href":"https:\/\/informacionlocal.es\/de\/wp-json\/wp\/v2\/media?parent=10293"}],"wp:term":[{"taxonomy":"category","embeddable":true,"href":"https:\/\/informacionlocal.es\/de\/wp-json\/wp\/v2\/categories?post=10293"},{"taxonomy":"post_tag","embeddable":true,"href":"https:\/\/informacionlocal.es\/de\/wp-json\/wp\/v2\/tags?post=10293"}],"curies":[{"name":"wp","href":"https:\/\/api.w.org\/{rel}","templated":true}]}}