{"id":1028,"date":"2025-04-10T16:40:32","date_gmt":"2025-04-10T16:40:32","guid":{"rendered":"https:\/\/informacionlocal.es\/puerto-del-rosario-praesentiert-neue-kommunale-workshops-im-centro-polivalente-el-charco\/"},"modified":"2025-04-14T10:00:16","modified_gmt":"2025-04-14T10:00:16","slug":"puerto-del-rosario-praesentiert-neue-kommunale-workshops-im-centro-polivalente-el-charco","status":"publish","type":"post","link":"https:\/\/informacionlocal.es\/de\/puerto-del-rosario-praesentiert-neue-kommunale-workshops-im-centro-polivalente-el-charco\/","title":{"rendered":"Puerto del Rosario pr\u00e4sentiert neue kommunale Workshops im Centro Polivalente El Charco"},"content":{"rendered":"<div class=\"entry-content\">\n<p>Das Rathaus von Puerto del Rosario hat am Dienstag, den 1. April, mittags das neue Workshop-Programm f\u00fcr die Gemeinde im Centro Polivalente El Charco vorgestellt. Die Aktivit\u00e4ten beginnen am 7. April und stehen B\u00fcrgern jeden Alters offen, mit Vorschl\u00e4gen wie N\u00e4hen, Malen und Ged\u00e4chtnisstimulation.<\/p>\n<p>Bei der Pr\u00e4sentation hob <strong>B\u00fcrgermeister David<\/strong><strong>de Vera<\/strong> die Bedeutung dieser Initiative hervor: <strong>&#8222;Wir setzen uns weiterhin f\u00fcr eine soziokulturelle Dynamisierung ein, die alle Ecken der Gemeinde erreicht. Mit diesen Workshops f\u00f6rdern wir nicht nur die Partizipation, sondern gewinnen auch R\u00e4ume wie dieses Mehrzweckzentrum zur\u00fcck, die mit Leben und gemeinschaftlichen Aktivit\u00e4ten gef\u00fcllt werden sollten&#8220;.<\/strong><\/p>\n<p>Die <strong>Stadtr\u00e4tin f\u00fcr B\u00fcrgerbeteiligung<\/strong>, <strong>Jenifer P\u00e9rez<\/strong>, erl\u00e4uterte ihrerseits die technischen Aspekte des Projekts: <strong><em>&#8222;Es handelt sich um eine Ausschreibung mit einer Laufzeit von drei Jahren, plus einem verl\u00e4ngerbaren Jahr, und einer j\u00e4hrlichen Investition von 75.000 Euro. Wir beginnen in El Charco, aber das Ziel ist es, die Aktivit\u00e4t auf alle D\u00f6rfer und Stadtteile der Gemeinde auszuweiten, auch unter Einbeziehung der Nachbarschaftsvereinigungen und als Antwort auf die gro\u00dfe Nachfrage nach Aktivit\u00e4ten wie Malen, N\u00e4hen oder Percussion, die so eng mit unserem Karneval verbunden sind&#8220;.<\/em><\/strong><\/p>\n<p><em> <\/em><strong>Erica Gonz\u00e1lez, Stadtr\u00e4tin f\u00fcr lokale Entwicklung, <\/strong>wollte die sozialen Auswirkungen dieser Ma\u00dfnahmen hervorheben: <strong><em>&#8222;Wir haben bereits den Erfolg fr\u00fcherer Initiativen gesehen, wie z. B. die Schulbetreuung, die in diesem Zentrum sehr gut angenommen wurde. Mit diesem neuen Programm sorgen wir f\u00fcr Kontinuit\u00e4t und erweitern das Angebot an Ausbildungs- und Freizeitaktivit\u00e4ten f\u00fcr unsere Bewohner, w\u00e4hrend wir gleichzeitig die lokale Besch\u00e4ftigung f\u00f6rdern&#8220;.<\/em><\/strong><\/p>\n<p><strong>Fabio Bovy,<\/strong> Vertreter des beauftragten Unternehmens, hob schlie\u00dflich die Erfahrung und das Engagement des Teams hervor: <strong><em>&#8222;Wir arbeiten seit 14 Jahren im Bereich des aktiven Alterns und der Werkst\u00e4tten f\u00fcr Erwachsene. Wir haben dem Stadtrat vom ersten Tag an alle unsere Ressourcen zur Verf\u00fcgung gestellt, um so schnell wie m\u00f6glich zu starten und n\u00fctzliche Aktivit\u00e4ten anzubieten, die den tats\u00e4chlichen Bed\u00fcrfnissen der Bev\u00f6lkerung entsprechen&#8220;.<\/em><\/strong><\/p>\n<p>Die Anmeldung ist ab heute, 1. April, \u00fcber ein Online-Formular oder pers\u00f6nlich im Centro Polivalente El Charco m\u00f6glich, und zwar von Montag bis Freitag zwischen 10.00 und 12.00 Uhr.<\/p>\n<\/div>\n","protected":false},"excerpt":{"rendered":"<p>Das Rathaus von Puerto del Rosario hat am Dienstag, den 1. April, mittags das neue Workshop-Programm f\u00fcr die Gemeinde im Centro Polivalente El Charco vorgestellt. Die Aktivit\u00e4ten beginnen am 7. [&hellip;]<\/p>\n","protected":false},"author":1,"featured_media":588,"comment_status":"open","ping_status":"open","sticky":false,"template":"","format":"standard","meta":{"inline_featured_image":false,"jnews-multi-image_gallery":[],"jnews_single_post":[],"jnews_primary_category":[],"jnews_social_meta":[],"jnews_override_counter":[],"jnews_post_split":[],"footnotes":""},"categories":[291],"tags":[215,216,196,217,237],"class_list":["post-1028","post","type-post","status-publish","format-standard","has-post-thumbnail","hentry","category-la-oliva-de","tag-beschaftigung-und-ausbildung","tag-fuerteventura-de","tag-gemeinden","tag-kultur-und-freizeit","tag-veranstaltungen"],"jetpack_featured_media_url":"https:\/\/informacionlocal.es\/wp-content\/uploads\/2025\/04\/polivalente-titu-foto-talleres-alcalde-y-concejales.jpg","_links":{"self":[{"href":"https:\/\/informacionlocal.es\/de\/wp-json\/wp\/v2\/posts\/1028","targetHints":{"allow":["GET"]}}],"collection":[{"href":"https:\/\/informacionlocal.es\/de\/wp-json\/wp\/v2\/posts"}],"about":[{"href":"https:\/\/informacionlocal.es\/de\/wp-json\/wp\/v2\/types\/post"}],"author":[{"embeddable":true,"href":"https:\/\/informacionlocal.es\/de\/wp-json\/wp\/v2\/users\/1"}],"replies":[{"embeddable":true,"href":"https:\/\/informacionlocal.es\/de\/wp-json\/wp\/v2\/comments?post=1028"}],"version-history":[{"count":1,"href":"https:\/\/informacionlocal.es\/de\/wp-json\/wp\/v2\/posts\/1028\/revisions"}],"predecessor-version":[{"id":1622,"href":"https:\/\/informacionlocal.es\/de\/wp-json\/wp\/v2\/posts\/1028\/revisions\/1622"}],"wp:featuredmedia":[{"embeddable":true,"href":"https:\/\/informacionlocal.es\/de\/wp-json\/wp\/v2\/media\/588"}],"wp:attachment":[{"href":"https:\/\/informacionlocal.es\/de\/wp-json\/wp\/v2\/media?parent=1028"}],"wp:term":[{"taxonomy":"category","embeddable":true,"href":"https:\/\/informacionlocal.es\/de\/wp-json\/wp\/v2\/categories?post=1028"},{"taxonomy":"post_tag","embeddable":true,"href":"https:\/\/informacionlocal.es\/de\/wp-json\/wp\/v2\/tags?post=1028"}],"curies":[{"name":"wp","href":"https:\/\/api.w.org\/{rel}","templated":true}]}}