{"id":10266,"date":"2025-09-04T11:58:34","date_gmt":"2025-09-04T10:58:34","guid":{"rendered":"https:\/\/informacionlocal.es\/el-centro-de-arte-juan-ismael-presenta-la-exposicion-invictus-del-artista-klaus-berends\/"},"modified":"2025-09-04T11:58:34","modified_gmt":"2025-09-04T10:58:34","slug":"el-centro-de-arte-juan-ismael-presenta-la-exposicion-invictus-del-artista-klaus-berends","status":"publish","type":"post","link":"https:\/\/informacionlocal.es\/de\/el-centro-de-arte-juan-ismael-presenta-la-exposicion-invictus-del-artista-klaus-berends\/","title":{"rendered":"El Centro de Arte Juan Ismael presenta la exposici\u00f3n \u2018INVICTUS\u2019 del artista Klaus Berends"},"content":{"rendered":"<div class=\"entry-content\"><strong>4 septiembre, 2025<\/strong><\/p>\n<p><strong><em>La obra, que se inaugura el<br \/>\npr\u00f3ximo 10 de septiembre a las 20.30 horas, recorre la trayectoria profesional<br \/>\ndel artista<\/em><\/strong><\/p>\n<p>El Centro de Arte Juan Ismael (CAJI) inaugura el pr\u00f3ximo 10 de<br \/>\nseptiembre la exposici\u00f3n \u2018INVICTUS\u2019, del artista alem\u00e1n Klaus Berends, que se<br \/>\nmantendr\u00e1 expuesta desde septiembre hasta enero.<\/p>\n<p>La obra, comisariada por Alejandro Gopar y<br \/>\nproducida por la Viceconsejer\u00eda de Cultura\u00a0del Gobierno de Canarias, recorre<br \/>\nla trayectoria art\u00edstica del autor desde sus inicios a bordo de un barco<br \/>\ncarguero hasta su consolidaci\u00f3n como creador contempor\u00e1neo en Fuerteventura.<\/p>\n<p>Con una propuesta est\u00e9tica que fusiona f\u00edsica cu\u00e1ntica, jazz y<br \/>\nmateriales naturales como sal, fieltro o polvo de m\u00e1rmol, Berends invita al<br \/>\nespectador a reflexionar sobre la fugacidad del tiempo, la resistencia<br \/>\nsilenciosa frente al consumo y la belleza que habita en lo cotidiano.<\/p>\n<p>La muestra se ha expuesto en el<br \/>\nCentro de Arte La Regenta y en La Sala de Exposiciones del Cabrera Pinto entre<br \/>\nlos a\u00f1os 2024 y principios de 2025. La exhibici\u00f3n en el CAJI ser\u00e1 la tercera y<br \/>\n\u00faltima itinerancia de este proyecto expositivo retrospectivo.<\/p>\n<p>El comisario de la muestra, Alejandro Gopar, por su parte, apunta<br \/>\nque \u201cINVICTUS plantea preguntas incisivas sobre el papel del arte en la<br \/>\nsociedad contempor\u00e1nea. Explorando c\u00f3mo el artista inspirado por la filosof\u00eda<br \/>\ndel proceso, desaf\u00eda las normas establecidas. Abrazando la improvisaci\u00f3n y el<br \/>\nazar como herramientas creativas\u201d.<\/p>\n<p>\u201cBerends insta a buscar la playa bajo los adoquines, a descubrir<br \/>\nla belleza en lo cotidiano en lugar de sucumbir a la tiran\u00eda del espect\u00e1culo.<br \/>\nDesafiando al espectador a ir m\u00e1s all\u00e1 de la superficie y explorar el verdadero<br \/>\nsignificado del arte en una sociedad cada vez m\u00e1s alienada y desconectada\u201d,<br \/>\nexplica Gopar.<\/p>\n<p><strong>Sobre el artista<\/strong><\/p>\n<p>Klaus Berends naci\u00f3 en 1958 en Papenburg, Alemania. Estudi\u00f3 en el<br \/>\nCollege of Music &amp; Art de HFMK Bremen. Vive en Fuerteventura desde 1986 y<br \/>\nha expuesto en Alemania, Espa\u00f1a y Colombia, desarrollando una obra marcada por<br \/>\nla conexi\u00f3n con la naturaleza y la memoria.<\/p>\n<p><strong>Sobre el comisario<\/strong><\/p>\n<p>Alejandro Gopar, nacido en Fuerteventura en 1985 y graduado en<br \/>\nBellas Artes y m\u00e1ster en Investigaci\u00f3n en Arte y Dise\u00f1o, comenz\u00f3 su trayectoria<br \/>\nprofesional en el sector de las artes visuales en el a\u00f1o 2011.<\/p>\n<p>Desde la Instituci\u00f3n insular, se anima a toda la poblaci\u00f3n a<br \/>\nvisitar esta muestra, que representa una oportunidad \u00fanica para disfrutar del<br \/>\narte y la expresi\u00f3n en todas sus formas.<\/p>\n<\/div>\n","protected":false},"excerpt":{"rendered":"<p>4 septiembre, 2025 La obra, que se inaugura el pr\u00f3ximo 10 de septiembre a las 20.30 horas, recorre la trayectoria profesional del artista El Centro de Arte Juan Ismael (CAJI) [&hellip;]<\/p>\n","protected":false},"author":1,"featured_media":10268,"comment_status":"open","ping_status":"open","sticky":false,"template":"","format":"standard","meta":{"inline_featured_image":false,"jnews-multi-image_gallery":[],"jnews_single_post":[],"jnews_primary_category":[],"jnews_social_meta":[],"jnews_override_counter":[],"jnews_post_split":[],"footnotes":""},"categories":[58],"tags":[82],"class_list":["post-10266","post","type-post","status-publish","format-standard","has-post-thumbnail","hentry","category-cabildo","tag-fuerteventura"],"jetpack_featured_media_url":"https:\/\/informacionlocal.es\/wp-content\/uploads\/2025\/09\/1756970275-bef3cbc5ac6fe00318a17d8e664f535e.jpg","_links":{"self":[{"href":"https:\/\/informacionlocal.es\/de\/wp-json\/wp\/v2\/posts\/10266","targetHints":{"allow":["GET"]}}],"collection":[{"href":"https:\/\/informacionlocal.es\/de\/wp-json\/wp\/v2\/posts"}],"about":[{"href":"https:\/\/informacionlocal.es\/de\/wp-json\/wp\/v2\/types\/post"}],"author":[{"embeddable":true,"href":"https:\/\/informacionlocal.es\/de\/wp-json\/wp\/v2\/users\/1"}],"replies":[{"embeddable":true,"href":"https:\/\/informacionlocal.es\/de\/wp-json\/wp\/v2\/comments?post=10266"}],"version-history":[{"count":0,"href":"https:\/\/informacionlocal.es\/de\/wp-json\/wp\/v2\/posts\/10266\/revisions"}],"wp:featuredmedia":[{"embeddable":true,"href":"https:\/\/informacionlocal.es\/de\/wp-json\/wp\/v2\/media\/10268"}],"wp:attachment":[{"href":"https:\/\/informacionlocal.es\/de\/wp-json\/wp\/v2\/media?parent=10266"}],"wp:term":[{"taxonomy":"category","embeddable":true,"href":"https:\/\/informacionlocal.es\/de\/wp-json\/wp\/v2\/categories?post=10266"},{"taxonomy":"post_tag","embeddable":true,"href":"https:\/\/informacionlocal.es\/de\/wp-json\/wp\/v2\/tags?post=10266"}],"curies":[{"name":"wp","href":"https:\/\/api.w.org\/{rel}","templated":true}]}}