{"id":10244,"date":"2025-09-04T09:02:05","date_gmt":"2025-09-04T08:02:05","guid":{"rendered":"https:\/\/informacionlocal.es\/puerto-del-rosario-celebra-la-quinta-edicion-de-la-feria-de-participacion-y-asociacionismo-sembrando-color\/"},"modified":"2025-09-04T09:02:05","modified_gmt":"2025-09-04T08:02:05","slug":"puerto-del-rosario-celebra-la-quinta-edicion-de-la-feria-de-participacion-y-asociacionismo-sembrando-color","status":"publish","type":"post","link":"https:\/\/informacionlocal.es\/de\/puerto-del-rosario-celebra-la-quinta-edicion-de-la-feria-de-participacion-y-asociacionismo-sembrando-color\/","title":{"rendered":"Puerto del Rosario celebra la quinta edici\u00f3n de la Feria de Participaci\u00f3n y Asociacionismo \u2018Sembrando Color\u2019"},"content":{"rendered":"<div class=\"entry-content\">\n<ul>\n<li><strong>La Plaza de la Paz acoger\u00e1 el 13 de septiembre un encuentro ciudadano que visibiliza el trabajo de las asociaciones y colectivos del municipio.<\/strong><strong>\u00a0<\/strong><\/li>\n<\/ul>\n<p><strong>En Puerto del Rosario, a 4 de septiembre de 2025.-<\/strong> El pr\u00f3ximo s\u00e1bado, 13 de septiembre, la Plaza de la Paz se llenar\u00e1 de vida con la celebraci\u00f3n de la quinta edici\u00f3n de la Feria de Participaci\u00f3n y Asociacionismo \u201cSembrando Color\u201d. Un espacio que ya se ha consolidado como punto de encuentro del tejido asociativo de la capital majorera y que un a\u00f1o m\u00e1s promete una tarde llena de actividades, talleres y convivencia.<\/p>\n<p>La cita, promovida por el Ayuntamiento de Puerto del Rosario, se desarrollar\u00e1 entre las 17:00 y las 23:00 horas y reunir\u00e1 a un amplio n\u00famero de asociaciones y colectivos locales. Los asistentes podr\u00e1n recorrer los distintos stands informativos, participar en din\u00e1micas abiertas y descubrir la enorme diversidad de iniciativas que se impulsan desde el asociacionismo.<\/p>\n<p>El alcalde de Puerto del Rosario, David de Vera, destac\u00f3 que \u201cesta feria, que cada a\u00f1o gana en participaci\u00f3n, refleja la fuerza y capacidad organizativa de nuestra ciudadan\u00eda. Puerto del Rosario cuenta con un tejido asociativo s\u00f3lido, diverso y creativo, que es clave para construir un municipio m\u00e1s participativo y con mayor calidad de vida\u201d.<\/p>\n<p><img loading=\"lazy\" decoding=\"async\" loading=\"lazy\" class=\"size-large wp-image-156918 aligncenter\" src=\"https:\/\/informacionlocal.es\/wp-content\/uploads\/2025\/09\/sembrando-color-819x1024-1.jpeg\" width=\"819\" height=\"1024\" title=\"sembrando-color-819x1024-1\"><\/p>\n<p>Por su parte, la concejala de Participaci\u00f3n Ciudadana, Jenifer P\u00e9rez, a\u00f1adi\u00f3 que \u201c\u2018Sembrando Color\u2019 no es solo una feria: es la mejor muestra de lo que podemos lograr cuando trabajamos unidos en comunidad. Desde el Ayuntamiento queremos seguir impulsando estos espacios de encuentro que visibilizan el trabajo de nuestras asociaciones y fomentan la colaboraci\u00f3n entre vecinos y vecinas\u201d.<\/p>\n<p>La Feria \u201cSembrando Color\u201d pone en valor la diversidad, el compromiso y la creatividad del tejido asociativo de Puerto del Rosario, contribuyendo a fortalecer los lazos comunitarios y a seguir construyendo una sociedad m\u00e1s cohesionada.<\/p>\n<\/div>\n","protected":false},"excerpt":{"rendered":"<p>La Plaza de la Paz acoger\u00e1 el 13 de septiembre un encuentro ciudadano que visibiliza el trabajo de las asociaciones y colectivos del municipio.\u00a0 En Puerto del Rosario, a 4 [&hellip;]<\/p>\n","protected":false},"author":1,"featured_media":10246,"comment_status":"open","ping_status":"open","sticky":false,"template":"","format":"standard","meta":{"inline_featured_image":false,"jnews-multi-image_gallery":[],"jnews_single_post":[],"jnews_primary_category":[],"jnews_social_meta":[],"jnews_override_counter":[],"jnews_post_split":[],"footnotes":""},"categories":[61],"tags":[],"class_list":["post-10244","post","type-post","status-publish","format-standard","has-post-thumbnail","hentry","category-puerto-del-rosario"],"jetpack_featured_media_url":"https:\/\/informacionlocal.es\/wp-content\/uploads\/2025\/09\/sembrando-color-portada-1.png","_links":{"self":[{"href":"https:\/\/informacionlocal.es\/de\/wp-json\/wp\/v2\/posts\/10244","targetHints":{"allow":["GET"]}}],"collection":[{"href":"https:\/\/informacionlocal.es\/de\/wp-json\/wp\/v2\/posts"}],"about":[{"href":"https:\/\/informacionlocal.es\/de\/wp-json\/wp\/v2\/types\/post"}],"author":[{"embeddable":true,"href":"https:\/\/informacionlocal.es\/de\/wp-json\/wp\/v2\/users\/1"}],"replies":[{"embeddable":true,"href":"https:\/\/informacionlocal.es\/de\/wp-json\/wp\/v2\/comments?post=10244"}],"version-history":[{"count":0,"href":"https:\/\/informacionlocal.es\/de\/wp-json\/wp\/v2\/posts\/10244\/revisions"}],"wp:featuredmedia":[{"embeddable":true,"href":"https:\/\/informacionlocal.es\/de\/wp-json\/wp\/v2\/media\/10246"}],"wp:attachment":[{"href":"https:\/\/informacionlocal.es\/de\/wp-json\/wp\/v2\/media?parent=10244"}],"wp:term":[{"taxonomy":"category","embeddable":true,"href":"https:\/\/informacionlocal.es\/de\/wp-json\/wp\/v2\/categories?post=10244"},{"taxonomy":"post_tag","embeddable":true,"href":"https:\/\/informacionlocal.es\/de\/wp-json\/wp\/v2\/tags?post=10244"}],"curies":[{"name":"wp","href":"https:\/\/api.w.org\/{rel}","templated":true}]}}