{"id":10214,"date":"2025-09-03T16:07:53","date_gmt":"2025-09-03T15:07:53","guid":{"rendered":"https:\/\/informacionlocal.es\/agrofuer-llega-este-fin-de-semana-con-lo-mejor-del-producto-y-la-economia-local\/"},"modified":"2025-09-03T16:07:53","modified_gmt":"2025-09-03T15:07:53","slug":"agrofuer-llega-este-fin-de-semana-con-lo-mejor-del-producto-y-la-economia-local","status":"publish","type":"post","link":"https:\/\/informacionlocal.es\/de\/agrofuer-llega-este-fin-de-semana-con-lo-mejor-del-producto-y-la-economia-local\/","title":{"rendered":"Agrofuer llega este fin de semana con lo mejor del producto y La econom\u00eda local"},"content":{"rendered":"<div class=\"entry-content\"><strong>3 septiembre, 2025<\/strong><\/p>\n<p><em><strong>M\u00e1s ruines que Ca\u00edn y Sweet Girls amenizar\u00e1n con varias representaciones el programa de la feria<\/strong><\/em><\/p>\n<p>Tuineje ser\u00e1 el epicentro de la cultura, el sector primario, y la gastronom\u00eda asociada al producto de cercan\u00eda durante este fin de semana, ya que adem\u00e1s de encontrarnos con productores y cocineros de toda la isla, se realizar\u00e1n representaciones teatralizadas por dos grupos culturales de la isla majorera.<\/p>\n<p>De esta forma la Asociaci\u00f3n Sociocultural M\u00e1s Ruines que Ca\u00edn, realizar\u00e1n una ruta animada en el entorno de la Feria y la Iglesia de San Miguel denominada \u201cUsos y costumbres de la sementera en Fuerteventura\u201d, donde esta asociaci\u00f3n nos transportar\u00e1 a una realidad no tan lejana de nuestra cultura.<\/p>\n<p>M\u00e1s Ruines que Ca\u00edn, son un referente cultural de Fuerteventura, que con su esfuerzo han rescatado para la memoria colectiva actos tan importantes como la escenificaci\u00f3n de la obra del Bien y el Mal en Tuineje. Este grupo es medalla de oro de Canarias este a\u00f1o 2025 y un orgullo de la cultura insular.<\/p>\n<p>Adem\u00e1s, tambi\u00e9n participan en la animaci\u00f3n del evento el conocido grupo de baile de Tuineje Sweet Girls, un equipo de j\u00f3venes comprometido y lleno de talento, que ha sido parte esencial de las celebraciones del municipio de Tuineje durante a\u00f1os. Este grupo tuvo el honor de ser los pregoneros de las fiestas de San Miguel en el a\u00f1o 2024.<\/p>\n<p>Un programa repleto de actividades<\/p>\n<p>Adem\u00e1s de las referencias culturales de alto calado de estos dos grupos, durante la Feria se desarrollar\u00e1n diversos talleres infantiles relacionados con la cultura isle\u00f1a, varios showcooking mostrando la calidad del producto de cercan\u00eda adem\u00e1s de Talleres varios y actuaciones musicales.<\/p>\n<p>La artesan\u00eda tendr\u00e1 un espacio preferente en el marco de la Feria como exponente vivo de la cultura tradicional, siendo protagonista durante los dos d\u00edas de Agrofuer, contando con los mejores exponentes del sector en diferentes espacios de la feria.<\/p>\n<p>As\u00ed mismo, el evento se enriquecer\u00e1 con la celebraci\u00f3n de dos talleres de artesan\u00eda tradicional, que ser\u00e1n impartidos por artesanos majoreros.<\/p>\n<p>Durante este viernes y s\u00e1bado, el entorno de la Iglesia de San Miguel reflejar\u00e1 la identidad reciente y latente de la isla de Fuerteventura, sin desviar la mirada del esperanzador futuro que el mundo rural tiene que ofrecer a los habitantes y visitantes de Fuerteventura.<\/p>\n<\/div>\n","protected":false},"excerpt":{"rendered":"<p>3 septiembre, 2025 M\u00e1s ruines que Ca\u00edn y Sweet Girls amenizar\u00e1n con varias representaciones el programa de la feria Tuineje ser\u00e1 el epicentro de la cultura, el sector primario, y [&hellip;]<\/p>\n","protected":false},"author":1,"featured_media":10216,"comment_status":"open","ping_status":"open","sticky":false,"template":"","format":"standard","meta":{"inline_featured_image":false,"jnews-multi-image_gallery":[],"jnews_single_post":[],"jnews_primary_category":[],"jnews_social_meta":[],"jnews_override_counter":[],"jnews_post_split":[],"footnotes":""},"categories":[58],"tags":[82],"class_list":["post-10214","post","type-post","status-publish","format-standard","has-post-thumbnail","hentry","category-cabildo","tag-fuerteventura"],"jetpack_featured_media_url":"https:\/\/informacionlocal.es\/wp-content\/uploads\/2025\/09\/agrofuer.jpeg","_links":{"self":[{"href":"https:\/\/informacionlocal.es\/de\/wp-json\/wp\/v2\/posts\/10214","targetHints":{"allow":["GET"]}}],"collection":[{"href":"https:\/\/informacionlocal.es\/de\/wp-json\/wp\/v2\/posts"}],"about":[{"href":"https:\/\/informacionlocal.es\/de\/wp-json\/wp\/v2\/types\/post"}],"author":[{"embeddable":true,"href":"https:\/\/informacionlocal.es\/de\/wp-json\/wp\/v2\/users\/1"}],"replies":[{"embeddable":true,"href":"https:\/\/informacionlocal.es\/de\/wp-json\/wp\/v2\/comments?post=10214"}],"version-history":[{"count":0,"href":"https:\/\/informacionlocal.es\/de\/wp-json\/wp\/v2\/posts\/10214\/revisions"}],"wp:featuredmedia":[{"embeddable":true,"href":"https:\/\/informacionlocal.es\/de\/wp-json\/wp\/v2\/media\/10216"}],"wp:attachment":[{"href":"https:\/\/informacionlocal.es\/de\/wp-json\/wp\/v2\/media?parent=10214"}],"wp:term":[{"taxonomy":"category","embeddable":true,"href":"https:\/\/informacionlocal.es\/de\/wp-json\/wp\/v2\/categories?post=10214"},{"taxonomy":"post_tag","embeddable":true,"href":"https:\/\/informacionlocal.es\/de\/wp-json\/wp\/v2\/tags?post=10214"}],"curies":[{"name":"wp","href":"https:\/\/api.w.org\/{rel}","templated":true}]}}