{"id":10164,"date":"2025-09-02T21:28:06","date_gmt":"2025-09-02T20:28:06","guid":{"rendered":"https:\/\/informacionlocal.es\/puerto-del-rosario-sumara-75-nuevas-viviendas-sociales-dentro-del-mayor-impulso-a-la-vivienda-publica-en-el-municipio\/"},"modified":"2025-09-02T21:28:06","modified_gmt":"2025-09-02T20:28:06","slug":"puerto-del-rosario-sumara-75-nuevas-viviendas-sociales-dentro-del-mayor-impulso-a-la-vivienda-publica-en-el-municipio","status":"publish","type":"post","link":"https:\/\/informacionlocal.es\/de\/puerto-del-rosario-sumara-75-nuevas-viviendas-sociales-dentro-del-mayor-impulso-a-la-vivienda-publica-en-el-municipio\/","title":{"rendered":"Puerto del Rosario sumar\u00e1 75 nuevas viviendas sociales dentro del mayor impulso a la vivienda p\u00fablica en el Municipio"},"content":{"rendered":"<div class=\"entry-content\">\n<ul>\n<li><span><strong>La actuaci\u00f3n, que en un primer intento qued\u00f3 desierta, se reactiva con una inversi\u00f3n de 12,8 millones de euros financiados con fondos europeos, la Comunidad Aut\u00f3noma y el Cabildo de Fuerteventura.<\/strong><\/span><strong>\u00a0<\/strong><\/li>\n<\/ul>\n<p><span><strong>En Puerto del Rosario, a 1 de septiembre de 2025.-<\/strong> El Ayuntamiento de Puerto del Rosario celebra la nueva licitaci\u00f3n anunciada por el Gobierno de Canarias, a trav\u00e9s del Instituto Canario de la Vivienda (ICAVI), para la construcci\u00f3n de 75 viviendas protegidas de promoci\u00f3n p\u00fablica en el municipio.<\/span><\/p>\n<p><span>Se trata de una actuaci\u00f3n que, en su primer proceso, qued\u00f3 desierta y que ahora se retoma con una inversi\u00f3n de 12.825.473,96 euros. Esta cantidad ser\u00e1 financiada con fondos europeos Next Generation, la Comunidad Aut\u00f3noma de Canarias y el Cabildo de Fuerteventura, con la aportaci\u00f3n de suelo por parte del Ayuntamiento capitalino.<\/span><\/p>\n<p><span>El proyecto se divide en dos lotes: en la parcela Don Quijote, situada entre las calles Don Quijote, Dulcinea y Sorolla, se levantar\u00e1n 47 viviendas con sus plazas de garaje, mientras que en la parcela Bernegal, ubicada entre las calles Bernegal, El Alpende y Tabajoste, se ejecutar\u00e1n 28 viviendas y sus aparcamientos.<\/span><\/p>\n<p><span>El alcalde de Puerto del Rosario, David de Vera, subray\u00f3 que \u201cesta nueva licitaci\u00f3n no solo demuestra la voluntad firme de dar respuesta a una de las mayores demandas de nuestros vecinos y vecinas, sino tambi\u00e9n el compromiso de las administraciones para que esta vez las obras puedan salir adelante. Estas 75 viviendas son un paso firme hacia el bienestar y la inclusi\u00f3n de quienes m\u00e1s lo necesitan\u201d.<\/span><\/p>\n<p><span>Por su parte, la concejala de Vivienda, To\u00f1i Fdez. Arag\u00f3n, destac\u00f3 que \u201ccon esta licitaci\u00f3n volvemos a situar a Puerto del Rosario en el centro de las pol\u00edticas p\u00fablicas de vivienda en Canarias. Estamos hablando de una inversi\u00f3n sin precedentes en la capital. Nuestro compromiso es seguir ampliando el parque p\u00fablico de vivienda, porque sabemos que garantizar este derecho es la base para construir una ciudad con mayor igualdad y cohesi\u00f3n social. Y este proyecto, junto a los que ya est\u00e1n en marcha en Rosa Vila o los que se estudian en la calle Cisneros, refuerza esa hoja de ruta\u201d.<\/span><\/p>\n<p><span>Adem\u00e1s de estas 75 viviendas, el Ayuntamiento recuerda que contin\u00faan en marcha otros proyectos de vivienda protegida en el municipio, como las 24 previstas en Rosa Vila, as\u00ed como la evaluaci\u00f3n t\u00e9cnica de la edificabilidad en la parcela de la calle Cisneros, que podr\u00eda suponer la construcci\u00f3n de 140 viviendas adicionales (66 en Aulaga III y 74 en Aulaga IV), actualmente en fase de redacci\u00f3n del proyecto.<\/span><\/p>\n<p><span>Las empresas interesadas en concurrir a la licitaci\u00f3n podr\u00e1n presentar sus ofertas hasta el 18 de septiembre de 2025 a las 17:00 horas a trav\u00e9s de la Plataforma de Contrataci\u00f3n del Sector P\u00fablico.<\/span><\/p>\n<\/div>\n","protected":false},"excerpt":{"rendered":"<p>La actuaci\u00f3n, que en un primer intento qued\u00f3 desierta, se reactiva con una inversi\u00f3n de 12,8 millones de euros financiados con fondos europeos, la Comunidad Aut\u00f3noma y el Cabildo de [&hellip;]<\/p>\n","protected":false},"author":1,"featured_media":10166,"comment_status":"open","ping_status":"open","sticky":false,"template":"","format":"standard","meta":{"inline_featured_image":false,"jnews-multi-image_gallery":[],"jnews_single_post":[],"jnews_primary_category":[],"jnews_social_meta":[],"jnews_override_counter":[],"jnews_post_split":[],"footnotes":""},"categories":[61],"tags":[82],"class_list":["post-10164","post","type-post","status-publish","format-standard","has-post-thumbnail","hentry","category-puerto-del-rosario","tag-fuerteventura"],"jetpack_featured_media_url":"https:\/\/informacionlocal.es\/wp-content\/uploads\/2025\/09\/vivienda-licitacion-icavi.png","_links":{"self":[{"href":"https:\/\/informacionlocal.es\/de\/wp-json\/wp\/v2\/posts\/10164","targetHints":{"allow":["GET"]}}],"collection":[{"href":"https:\/\/informacionlocal.es\/de\/wp-json\/wp\/v2\/posts"}],"about":[{"href":"https:\/\/informacionlocal.es\/de\/wp-json\/wp\/v2\/types\/post"}],"author":[{"embeddable":true,"href":"https:\/\/informacionlocal.es\/de\/wp-json\/wp\/v2\/users\/1"}],"replies":[{"embeddable":true,"href":"https:\/\/informacionlocal.es\/de\/wp-json\/wp\/v2\/comments?post=10164"}],"version-history":[{"count":0,"href":"https:\/\/informacionlocal.es\/de\/wp-json\/wp\/v2\/posts\/10164\/revisions"}],"wp:featuredmedia":[{"embeddable":true,"href":"https:\/\/informacionlocal.es\/de\/wp-json\/wp\/v2\/media\/10166"}],"wp:attachment":[{"href":"https:\/\/informacionlocal.es\/de\/wp-json\/wp\/v2\/media?parent=10164"}],"wp:term":[{"taxonomy":"category","embeddable":true,"href":"https:\/\/informacionlocal.es\/de\/wp-json\/wp\/v2\/categories?post=10164"},{"taxonomy":"post_tag","embeddable":true,"href":"https:\/\/informacionlocal.es\/de\/wp-json\/wp\/v2\/tags?post=10164"}],"curies":[{"name":"wp","href":"https:\/\/api.w.org\/{rel}","templated":true}]}}