{"id":1016,"date":"2025-04-10T16:36:38","date_gmt":"2025-04-10T16:36:38","guid":{"rendered":"https:\/\/informacionlocal.es\/grosser-publikumsandrang-am-stand-von-puerto-del-rosario-in-feaga-und-eine-hommage-an-das-kuestenvieh-der-gemeinde\/"},"modified":"2025-04-14T10:06:00","modified_gmt":"2025-04-14T10:06:00","slug":"grosser-publikumsandrang-am-stand-von-puerto-del-rosario-in-feaga-und-eine-hommage-an-das-kuestenvieh-der-gemeinde","status":"publish","type":"post","link":"https:\/\/informacionlocal.es\/de\/grosser-publikumsandrang-am-stand-von-puerto-del-rosario-in-feaga-und-eine-hommage-an-das-kuestenvieh-der-gemeinde\/","title":{"rendered":"Gro\u00dfer Publikumsandrang am Stand von Puerto del Rosario in Feaga und eine Hommage an das K\u00fcstenvieh der Gemeinde."},"content":{"rendered":"<div class=\"entry-content\">\n<p><span class=\"html-span xexx8yu x4uap5 x18d9i69 xkhd6sd x1hl2dhg x16tdsg8 x1vvkbs x3nfvp2 x1j61x8r x1fcty0u xdj266r xat24cr xgzva0m xhhsvwb xxymvpz xlup9mm x1kky2od\"><img loading=\"lazy\" decoding=\"async\" loading=\"lazy\" class=\"xz74otr x168nmei x13lgxp2 x5pf9jr xo71vjh\" src=\"https:\/\/informacionlocal.es\/wp-content\/uploads\/2025\/04\/1f9c0.png\" alt=\"\ud83e\uddc0\" width=\"16\" height=\"16\" title=\"1f9c0\"><\/span><span class=\"html-span xexx8yu x4uap5 x18d9i69 xkhd6sd x1hl2dhg x16tdsg8 x1vvkbs x3nfvp2 x1j61x8r x1fcty0u xdj266r xat24cr xgzva0m xhhsvwb xxymvpz xlup9mm x1kky2od\"><img loading=\"lazy\" decoding=\"async\" loading=\"lazy\" class=\"xz74otr x168nmei x13lgxp2 x5pf9jr xo71vjh\" src=\"https:\/\/informacionlocal.es\/wp-content\/uploads\/2025\/04\/1f377.png\" alt=\"\ud83c\udf77\" width=\"16\" height=\"16\" title=\"1f377\"><\/span><span class=\"html-span xexx8yu x4uap5 x18d9i69 xkhd6sd x1hl2dhg x16tdsg8 x1vvkbs x3nfvp2 x1j61x8r x1fcty0u xdj266r xat24cr xgzva0m xhhsvwb xxymvpz xlup9mm x1kky2od\"><img loading=\"lazy\" decoding=\"async\" loading=\"lazy\" class=\"xz74otr x168nmei x13lgxp2 x5pf9jr xo71vjh\" src=\"https:\/\/informacionlocal.es\/wp-content\/uploads\/2025\/04\/1fadb.png\" alt=\"\ud83e\udedb\" width=\"16\" height=\"16\" title=\"1fadb\"><\/span><span class=\"html-span xexx8yu x4uap5 x18d9i69 xkhd6sd x1hl2dhg x16tdsg8 x1vvkbs x3nfvp2 x1j61x8r x1fcty0u xdj266r xat24cr xgzva0m xhhsvwb xxymvpz xlup9mm x1kky2od\"><img loading=\"lazy\" decoding=\"async\" loading=\"lazy\" class=\"xz74otr x168nmei x13lgxp2 x5pf9jr xo71vjh\" src=\"https:\/\/informacionlocal.es\/wp-content\/uploads\/2025\/04\/1f956.png\" alt=\"\ud83e\udd56\" width=\"16\" height=\"16\" title=\"1f956\"><\/span>Eine fantastische Himbeere empf\u00e4ngt die Besucher des Standes der Hauptstadt, an dem unter anderem K\u00e4se, Wein, Kapern, verschiedene Brotsorten und Ziegenmilch-Gummib\u00e4rchen verkostet werden.<\/p>\n<div class=\"x11i5rnm xat24cr x1mh8g0r x1vvkbs xtlvy1s x126k92a\">\n<div dir=\"auto\"><span class=\"html-span xexx8yu x4uap5 x18d9i69 xkhd6sd x1hl2dhg x16tdsg8 x1vvkbs x3nfvp2 x1j61x8r x1fcty0u xdj266r xat24cr xgzva0m xhhsvwb xxymvpz xlup9mm x1kky2od\"><img loading=\"lazy\" decoding=\"async\" loading=\"lazy\" class=\"xz74otr x168nmei x13lgxp2 x5pf9jr xo71vjh\" src=\"https:\/\/informacionlocal.es\/wp-content\/uploads\/2025\/04\/1f3a5.png\" alt=\"\ud83c\udfa5\" width=\"16\" height=\"16\" title=\"1f3a5\"><\/span>  Ein Video mit beeindruckenden Luftaufnahmen wird auf eine Leinwand projiziert und zeigt die Kunst der Viehzucht in der Gemeinde.<\/div>\n<\/div>\n<div class=\"x11i5rnm xat24cr x1mh8g0r x1vvkbs xtlvy1s x126k92a\">\n<div dir=\"auto\">Der erste Tag dieser Ausgabe schlie\u00dft mit verschiedenen Auff\u00fchrungen ab:<\/div>\n<\/div>\n<div class=\"x11i5rnm xat24cr x1mh8g0r x1vvkbs xtlvy1s x126k92a\">\n<div dir=\"auto\"><span class=\"html-span xexx8yu x4uap5 x18d9i69 xkhd6sd x1hl2dhg x16tdsg8 x1vvkbs x3nfvp2 x1j61x8r x1fcty0u xdj266r xat24cr xgzva0m xhhsvwb xxymvpz xlup9mm x1kky2od\"><img loading=\"lazy\" decoding=\"async\" loading=\"lazy\" class=\"xz74otr x168nmei x13lgxp2 x5pf9jr xo71vjh\" src=\"https:\/\/informacionlocal.es\/wp-content\/uploads\/2025\/04\/2714.png\" alt=\"\u2714\ufe0f\" width=\"16\" height=\"16\" title=\"2714\"><\/span>Besuch der regionalen und insularen Beh\u00f6rden am Stand.<\/div>\n<div dir=\"auto\"><span class=\"html-span xexx8yu x4uap5 x18d9i69 xkhd6sd x1hl2dhg x16tdsg8 x1vvkbs x3nfvp2 x1j61x8r x1fcty0u xdj266r xat24cr xgzva0m xhhsvwb xxymvpz xlup9mm x1kky2od\"><img loading=\"lazy\" decoding=\"async\" loading=\"lazy\" class=\"xz74otr x168nmei x13lgxp2 x5pf9jr xo71vjh\" src=\"https:\/\/informacionlocal.es\/wp-content\/uploads\/2025\/04\/2714.png\" alt=\"\u2714\ufe0f\" width=\"16\" height=\"16\" title=\"2714\"><\/span>Beteiligung von Schulkindern.<\/div>\n<div dir=\"auto\"><span class=\"html-span xexx8yu x4uap5 x18d9i69 xkhd6sd x1hl2dhg x16tdsg8 x1vvkbs x3nfvp2 x1j61x8r x1fcty0u xdj266r xat24cr xgzva0m xhhsvwb xxymvpz xlup9mm x1kky2od\"><img loading=\"lazy\" decoding=\"async\" loading=\"lazy\" class=\"xz74otr x168nmei x13lgxp2 x5pf9jr xo71vjh\" src=\"https:\/\/informacionlocal.es\/wp-content\/uploads\/2025\/04\/2714.png\" alt=\"\u2714\ufe0f\" width=\"16\" height=\"16\" title=\"2714\"><\/span>Besuch von Vertretern des Nationalen Polizeikorps (CNP), der Guardia Civil (GC) und des leichten Infanterieregiments Nr. 9 aus Soria.<\/div>\n<\/div>\n<div class=\"x11i5rnm xat24cr x1mh8g0r x1vvkbs xtlvy1s x126k92a\">\n<div dir=\"auto\"><span class=\"html-span xexx8yu x4uap5 x18d9i69 xkhd6sd x1hl2dhg x16tdsg8 x1vvkbs x3nfvp2 x1j61x8r x1fcty0u xdj266r xat24cr xgzva0m xhhsvwb xxymvpz xlup9mm x1kky2od\"><img loading=\"lazy\" decoding=\"async\" loading=\"lazy\" class=\"xz74otr x168nmei x13lgxp2 x5pf9jr xo71vjh\" src=\"https:\/\/informacionlocal.es\/wp-content\/uploads\/2025\/04\/1f4d6.png\" alt=\"\ud83d\udcd6\" width=\"16\" height=\"16\" title=\"1f4d6\"><\/span>  Eine emotionale Hommage an das K\u00fcstenvieh der Gemeinde, mit der Pr\u00e4sentation des Buches &#8222;Las apa\u00f1adas en la Costa de Puerto del Rosario&#8220; des Historikers Javier Cerde\u00f1a Garc\u00eda und der \u00dcbergabe von Dankesplaketten an:<\/div>\n<\/div>\n<div class=\"x11i5rnm xat24cr x1mh8g0r x1vvkbs xtlvy1s x126k92a\">\n<div dir=\"auto\"><span class=\"html-span xexx8yu x4uap5 x18d9i69 xkhd6sd x1hl2dhg x16tdsg8 x1vvkbs x3nfvp2 x1j61x8r x1fcty0u xdj266r xat24cr xgzva0m xhhsvwb xxymvpz xlup9mm x1kky2od\"><img loading=\"lazy\" decoding=\"async\" loading=\"lazy\" class=\"xz74otr x168nmei x13lgxp2 x5pf9jr xo71vjh\" src=\"https:\/\/informacionlocal.es\/wp-content\/uploads\/2025\/04\/1f410.png\" alt=\"\ud83d\udc10\" width=\"16\" height=\"16\" title=\"1f410\"><\/span>Bauernverband &#8222;La Puipana&#8220; von Mancom\u00fan de Puerto del Rosario.<\/div>\n<\/div>\n<div class=\"x11i5rnm xat24cr x1mh8g0r x1vvkbs xtlvy1s x126k92a\">\n<div dir=\"auto\"><span class=\"html-span xexx8yu x4uap5 x18d9i69 xkhd6sd x1hl2dhg x16tdsg8 x1vvkbs x3nfvp2 x1j61x8r x1fcty0u xdj266r xat24cr xgzva0m xhhsvwb xxymvpz xlup9mm x1kky2od\"><img loading=\"lazy\" decoding=\"async\" loading=\"lazy\" class=\"xz74otr x168nmei x13lgxp2 x5pf9jr xo71vjh\" src=\"https:\/\/informacionlocal.es\/wp-content\/uploads\/2025\/04\/1f410.png\" alt=\"\ud83d\udc10\" width=\"16\" height=\"16\" title=\"1f410\"><\/span>Antonio Cabrera Morales, Kommissar f\u00fcr K\u00fcstenschutz.<\/div>\n<\/div>\n<div class=\"x11i5rnm xat24cr x1mh8g0r x1vvkbs xtlvy1s x126k92a\">\n<div dir=\"auto\"><span class=\"html-span xexx8yu x4uap5 x18d9i69 xkhd6sd x1hl2dhg x16tdsg8 x1vvkbs x3nfvp2 x1j61x8r x1fcty0u xdj266r xat24cr xgzva0m xhhsvwb xxymvpz xlup9mm x1kky2od\"><img loading=\"lazy\" decoding=\"async\" loading=\"lazy\" class=\"xz74otr x168nmei x13lgxp2 x5pf9jr xo71vjh\" src=\"https:\/\/informacionlocal.es\/wp-content\/uploads\/2025\/04\/1f5e3.png\" alt=\"\ud83d\udde3\" width=\"16\" height=\"16\" title=\"1f5e3\"><\/span>Der B\u00fcrgermeister David de Vera l\u00e4dt alle ein, den Stand zu besuchen und unsere gastronomischen Produkte, unsere Kultur und unsere Traditionen kennen zu lernen.<\/div>\n<\/div>\n<div class=\"x11i5rnm xat24cr x1mh8g0r x1vvkbs xtlvy1s x126k92a\">\n<div dir=\"auto\"><span class=\"html-span xexx8yu x4uap5 x18d9i69 xkhd6sd x1hl2dhg x16tdsg8 x1vvkbs x3nfvp2 x1j61x8r x1fcty0u xdj266r xat24cr xgzva0m xhhsvwb xxymvpz xlup9mm x1kky2od\"><img loading=\"lazy\" decoding=\"async\" loading=\"lazy\" class=\"xz74otr x168nmei x13lgxp2 x5pf9jr xo71vjh\" src=\"https:\/\/informacionlocal.es\/wp-content\/uploads\/2025\/04\/1f5e3.png\" alt=\"\ud83d\udde3\" width=\"16\" height=\"16\" title=\"1f5e3\"><\/span>Der Stadtrat f\u00fcr den Prim\u00e4rsektor, David de Le\u00f3n, zeigte sich zufrieden mit der Attraktivit\u00e4t des Standes f\u00fcr das Publikum und der hohen Beteiligung.<\/div>\n<\/div>\n<div class=\"x11i5rnm xat24cr x1mh8g0r x1vvkbs xtlvy1s x126k92a\">\n<div dir=\"auto\">Die Stadtr\u00e4te f\u00fcr Tourismus, Rosa Rodr\u00edguez, B\u00fcrgerbeteiligung, Jenifer P\u00e9rez, St\u00e4dtische Arbeiten, Ana Hern\u00e1ndez, und Lokale Entwicklung, Erica Gonz\u00e1lez, waren bei den verschiedenen Aktivit\u00e4ten anwesend.<\/div>\n<\/div>\n<\/div>\n","protected":false},"excerpt":{"rendered":"<p>Eine fantastische Himbeere empf\u00e4ngt die Besucher des Standes der Hauptstadt, an dem unter anderem K\u00e4se, Wein, Kapern, verschiedene Brotsorten und Ziegenmilch-Gummib\u00e4rchen verkostet werden. Ein Video mit beeindruckenden Luftaufnahmen wird auf [&hellip;]<\/p>\n","protected":false},"author":1,"featured_media":555,"comment_status":"open","ping_status":"open","sticky":false,"template":"","format":"standard","meta":{"inline_featured_image":false,"jnews-multi-image_gallery":[],"jnews_single_post":[],"jnews_primary_category":[],"jnews_social_meta":[],"jnews_override_counter":[],"jnews_post_split":[],"footnotes":""},"categories":[293],"tags":[216,196,213,217,237],"class_list":["post-1016","post","type-post","status-publish","format-standard","has-post-thumbnail","hentry","category-puerto-del-rosario-de","tag-fuerteventura-de","tag-gemeinden","tag-integration-de","tag-kultur-und-freizeit","tag-veranstaltungen"],"jetpack_featured_media_url":"https:\/\/informacionlocal.es\/wp-content\/uploads\/2025\/04\/feaga-25-titu-placas-en-stand.jpg","_links":{"self":[{"href":"https:\/\/informacionlocal.es\/de\/wp-json\/wp\/v2\/posts\/1016","targetHints":{"allow":["GET"]}}],"collection":[{"href":"https:\/\/informacionlocal.es\/de\/wp-json\/wp\/v2\/posts"}],"about":[{"href":"https:\/\/informacionlocal.es\/de\/wp-json\/wp\/v2\/types\/post"}],"author":[{"embeddable":true,"href":"https:\/\/informacionlocal.es\/de\/wp-json\/wp\/v2\/users\/1"}],"replies":[{"embeddable":true,"href":"https:\/\/informacionlocal.es\/de\/wp-json\/wp\/v2\/comments?post=1016"}],"version-history":[{"count":1,"href":"https:\/\/informacionlocal.es\/de\/wp-json\/wp\/v2\/posts\/1016\/revisions"}],"predecessor-version":[{"id":1726,"href":"https:\/\/informacionlocal.es\/de\/wp-json\/wp\/v2\/posts\/1016\/revisions\/1726"}],"wp:featuredmedia":[{"embeddable":true,"href":"https:\/\/informacionlocal.es\/de\/wp-json\/wp\/v2\/media\/555"}],"wp:attachment":[{"href":"https:\/\/informacionlocal.es\/de\/wp-json\/wp\/v2\/media?parent=1016"}],"wp:term":[{"taxonomy":"category","embeddable":true,"href":"https:\/\/informacionlocal.es\/de\/wp-json\/wp\/v2\/categories?post=1016"},{"taxonomy":"post_tag","embeddable":true,"href":"https:\/\/informacionlocal.es\/de\/wp-json\/wp\/v2\/tags?post=1016"}],"curies":[{"name":"wp","href":"https:\/\/api.w.org\/{rel}","templated":true}]}}