{"id":10100,"date":"2025-09-02T13:18:31","date_gmt":"2025-09-02T12:18:31","guid":{"rendered":"https:\/\/informacionlocal.es\/villaverde-acoge-la-escanfraga-trail-2025-el-proximo-7-de-septiembre\/"},"modified":"2025-09-02T13:18:31","modified_gmt":"2025-09-02T12:18:31","slug":"villaverde-acoge-la-escanfraga-trail-2025-el-proximo-7-de-septiembre","status":"publish","type":"post","link":"https:\/\/informacionlocal.es\/de\/villaverde-acoge-la-escanfraga-trail-2025-el-proximo-7-de-septiembre\/","title":{"rendered":"Villaverde acoge la Escanfraga Trail 2025 el pr\u00f3ximo 7 de septiembre"},"content":{"rendered":"<p>El deporte y la conciencia ambiental vuelven a pisar el escenario natural de Villaverde con la Escanfraga Trail 2025 el pr\u00f3ximo domingo, 7 de septiembre. Esta sexta edici\u00f3n trae tres modalidades distintas entre las que se encuentran el \u2018Desaf\u00edo\u2019 de 24km y 1400+, la \u2018Carrera Corta\u2019 de 10km y +320, adem\u00e1s de la categor\u00eda de \u2018Senderismo\u2019 de 10km +320.<\/p>\n<p>Una aventura de monta\u00f1a que organiza el Club Deportivo Cotitrail junto con la colaboraci\u00f3n del Ayuntamiento de La Oliva, a trav\u00e9s de las Concejal\u00edas de Deportes, al mando de Gleiber Carre\u00f1o, y la de Turismo y Medio Ambiente, con David Fajardo al frente, deleitar\u00e1 a los corredores en una prueba deportiva con el paisaje como protagonista. <\/p>\n<p>El alcalde de La Oliva, Isa\u00ed Blanco, destaca el car\u00e1cter especial de la competencia: \u201cVuelve la Escanfraga Trail, una carrera que destaca por desarrollarse en un entorno \u00fanico como lo es el espacio natural de las monta\u00f1as de Villaverde. Nos enorgullece que una competici\u00f3n como esta se vuelva a retomar y continuar as\u00ed con su sexta edici\u00f3n.\u201d<\/p>\n<p>Por su parte, la concejala de Deportes, Gleiber Carre\u00f1o, manifiesta la necesidad de seguir impulsando competiciones deportivas que combinen la actividad f\u00edsica con el paisaje del municipio: \u201cEsta carrera representa a la perfecci\u00f3n nuestra voluntad fomentar aquellas competencias que una lo que mejor se nos da, el deporte y el cuidado de nuestro entorno natural.\u201d <\/p>\n<p>Adem\u00e1s, el concejal de Turismo y Medio Ambiente, David Fajardo, pone de relieve el car\u00e1cter ambiental dentro de esta competici\u00f3n que se suma a las acciones impulsadas desde la premisa del turismo deportivo: \u201cBajo el prima del binomio Turismo y Deporte, continuamos yendo m\u00e1s all\u00e1 apostando por una perspectiva en la que la conciencia ambiental sea el foco sobre el que seguir impulsado las competiciones en el municipio.\u201d<\/p>\n<p>La recogida de dorsales se podr\u00e1 realizar el pr\u00f3ximo viernes, 5 de septiembre, en Cotifit (calle 3 de Abril de 1979, n.\u00ba 28, El Cotillo) en horario de ma\u00f1ana de 11:00 a 13:00 horas y por la tarde, de 16:00 a 19:00 horas, adem\u00e1s del s\u00e1bado, 6 de septiembre, en la plaza de Villaverde de 16:00 a 20:00 horas. No te pierdas esta cita con el deporte en el municipio de La Oliva.<\/p>\n","protected":false},"excerpt":{"rendered":"<p><span>Los atletas volver\u00e1n a recorrer el entorno natural de Escanfraga, rodeados del caracter\u00edstico paisaje de volcanes de la localidad<\/span><\/p>\n","protected":false},"author":1,"featured_media":10102,"comment_status":"open","ping_status":"open","sticky":false,"template":"","format":"standard","meta":{"inline_featured_image":false,"jnews-multi-image_gallery":[],"jnews_single_post":[],"jnews_primary_category":[],"jnews_social_meta":[],"jnews_override_counter":[],"jnews_post_split":[],"footnotes":""},"categories":[62],"tags":[76],"class_list":["post-10100","post","type-post","status-publish","format-standard","has-post-thumbnail","hentry","category-la-oliva","tag-medio-ambiente"],"jetpack_featured_media_url":"https:\/\/informacionlocal.es\/wp-content\/uploads\/2025\/09\/5236_f336c0c1.png","_links":{"self":[{"href":"https:\/\/informacionlocal.es\/de\/wp-json\/wp\/v2\/posts\/10100","targetHints":{"allow":["GET"]}}],"collection":[{"href":"https:\/\/informacionlocal.es\/de\/wp-json\/wp\/v2\/posts"}],"about":[{"href":"https:\/\/informacionlocal.es\/de\/wp-json\/wp\/v2\/types\/post"}],"author":[{"embeddable":true,"href":"https:\/\/informacionlocal.es\/de\/wp-json\/wp\/v2\/users\/1"}],"replies":[{"embeddable":true,"href":"https:\/\/informacionlocal.es\/de\/wp-json\/wp\/v2\/comments?post=10100"}],"version-history":[{"count":0,"href":"https:\/\/informacionlocal.es\/de\/wp-json\/wp\/v2\/posts\/10100\/revisions"}],"wp:featuredmedia":[{"embeddable":true,"href":"https:\/\/informacionlocal.es\/de\/wp-json\/wp\/v2\/media\/10102"}],"wp:attachment":[{"href":"https:\/\/informacionlocal.es\/de\/wp-json\/wp\/v2\/media?parent=10100"}],"wp:term":[{"taxonomy":"category","embeddable":true,"href":"https:\/\/informacionlocal.es\/de\/wp-json\/wp\/v2\/categories?post=10100"},{"taxonomy":"post_tag","embeddable":true,"href":"https:\/\/informacionlocal.es\/de\/wp-json\/wp\/v2\/tags?post=10100"}],"curies":[{"name":"wp","href":"https:\/\/api.w.org\/{rel}","templated":true}]}}