{"id":10052,"date":"2025-09-01T17:01:16","date_gmt":"2025-09-01T16:01:16","guid":{"rendered":"https:\/\/informacionlocal.es\/pajara-impulsa-la-participacion-ciudadana-para-renovar-su-oferta-de-formacion-cultural\/"},"modified":"2025-09-01T17:01:16","modified_gmt":"2025-09-01T16:01:16","slug":"pajara-impulsa-la-participacion-ciudadana-para-renovar-su-oferta-de-formacion-cultural","status":"publish","type":"post","link":"https:\/\/informacionlocal.es\/de\/pajara-impulsa-la-participacion-ciudadana-para-renovar-su-oferta-de-formacion-cultural\/","title":{"rendered":"P\u00e1jara impulsa la participaci\u00f3n ciudadana para renovar su oferta de formaci\u00f3n cultural\u00a0"},"content":{"rendered":"<div class=\"entry-content\">\n<p><b><i>El Ayuntamiento lanza una encuesta para recoger las preferencias formativas de la poblaci\u00f3n de cara a la nueva programaci\u00f3n gratuita del mes de octubre\u00a0<\/i><\/b><\/p>\n<p><span>La Concejal\u00eda de Cultura del Ayuntamiento de P\u00e1jara, en colaboraci\u00f3n con la entidad formadora Planiforma MVC, pone en marcha una encuesta dirigida a la ciudadan\u00eda del municipio, con el objetivo de recabar informaci\u00f3n relevante que permita dise\u00f1ar la nueva programaci\u00f3n de cursos formativos gratuitos prevista para el mes de octubre.\u00a0<\/span><\/p>\n<p><span>Esta acci\u00f3n responde al compromiso del Consistorio con la mejora continua de los servicios culturales y formativos, mediante propuestas ajustadas a las necesidades reales de la poblaci\u00f3n. La programaci\u00f3n estar\u00e1 orientada a fomentar la participaci\u00f3n, el aprendizaje y la adquisici\u00f3n de competencias en diferentes \u00e1mbitos de inter\u00e9s cultural, social y profesional.\u00a0<\/span><\/p>\n<p><span>La encuesta, de car\u00e1cter an\u00f3nimo, estar\u00e1 disponible entre los d\u00edas 1 y 8 de septiembre, y podr\u00e1 ser cumplimentada de forma sencilla a trav\u00e9s del siguiente enlace: https:\/\/forms.gle\/qmvwVyQmzGj7oUnZ7<\/span><\/p>\n<p><span>Desde la Concejal\u00eda de Cultura se invita a todos los vecinos y vecinas del municipio a participar activamente en esta consulta p\u00fablica, subrayando que su implicaci\u00f3n ser\u00e1 fundamental para configurar una oferta formativa \u00fatil, accesible y alineada con los intereses colectivos.\u00a0<\/span><\/p>\n<p><img fetchpriority=\"high\" decoding=\"async\" class=\"alignnone size-medium wp-image-20926\" src=\"https:\/\/informacionlocal.es\/wp-content\/uploads\/2025\/09\/encuenta-240x300-1.png\" width=\"240\" height=\"300\" title=\"encuenta-240x300-1\"><\/p>\n<\/div>\n","protected":false},"excerpt":{"rendered":"<p><i>El Ayuntamiento lanza una encuesta para recoger las preferencias formativas de la poblaci\u00f3n de cara a la nueva programaci\u00f3n gratuita del mes de octubre\u00a0<\/i><\/p>\n","protected":false},"author":1,"featured_media":10054,"comment_status":"open","ping_status":"open","sticky":false,"template":"","format":"standard","meta":{"inline_featured_image":false,"jnews-multi-image_gallery":[],"jnews_single_post":[],"jnews_primary_category":[],"jnews_social_meta":[],"jnews_override_counter":[],"jnews_post_split":[],"footnotes":""},"categories":[63],"tags":[],"class_list":["post-10052","post","type-post","status-publish","format-standard","has-post-thumbnail","hentry","category-pajara"],"jetpack_featured_media_url":"https:\/\/informacionlocal.es\/wp-content\/uploads\/2025\/09\/encuenta.png","_links":{"self":[{"href":"https:\/\/informacionlocal.es\/de\/wp-json\/wp\/v2\/posts\/10052","targetHints":{"allow":["GET"]}}],"collection":[{"href":"https:\/\/informacionlocal.es\/de\/wp-json\/wp\/v2\/posts"}],"about":[{"href":"https:\/\/informacionlocal.es\/de\/wp-json\/wp\/v2\/types\/post"}],"author":[{"embeddable":true,"href":"https:\/\/informacionlocal.es\/de\/wp-json\/wp\/v2\/users\/1"}],"replies":[{"embeddable":true,"href":"https:\/\/informacionlocal.es\/de\/wp-json\/wp\/v2\/comments?post=10052"}],"version-history":[{"count":0,"href":"https:\/\/informacionlocal.es\/de\/wp-json\/wp\/v2\/posts\/10052\/revisions"}],"wp:featuredmedia":[{"embeddable":true,"href":"https:\/\/informacionlocal.es\/de\/wp-json\/wp\/v2\/media\/10054"}],"wp:attachment":[{"href":"https:\/\/informacionlocal.es\/de\/wp-json\/wp\/v2\/media?parent=10052"}],"wp:term":[{"taxonomy":"category","embeddable":true,"href":"https:\/\/informacionlocal.es\/de\/wp-json\/wp\/v2\/categories?post=10052"},{"taxonomy":"post_tag","embeddable":true,"href":"https:\/\/informacionlocal.es\/de\/wp-json\/wp\/v2\/tags?post=10052"}],"curies":[{"name":"wp","href":"https:\/\/api.w.org\/{rel}","templated":true}]}}