{"id":10040,"date":"2025-09-01T13:59:54","date_gmt":"2025-09-01T12:59:54","guid":{"rendered":"https:\/\/informacionlocal.es\/fuerteventura-se-pone-en-valor-ante-el-mercado-escandinavo-con-unidad-y-fortaleza\/"},"modified":"2025-09-01T13:59:54","modified_gmt":"2025-09-01T12:59:54","slug":"fuerteventura-se-pone-en-valor-ante-el-mercado-escandinavo-con-unidad-y-fortaleza","status":"publish","type":"post","link":"https:\/\/informacionlocal.es\/de\/fuerteventura-se-pone-en-valor-ante-el-mercado-escandinavo-con-unidad-y-fortaleza\/","title":{"rendered":"\ufeffFuerteventura se pone en valor ante el mercado escandinavo con \u201cunidad y fortaleza\u201d"},"content":{"rendered":"<div class=\"entry-content\"><strong>1 septiembre, 2025<\/strong><\/p>\n<p><em><strong>Una delegaci\u00f3n hotelera, encabezada por la consejera de Turismo, recorri\u00f3 Helsinki, Estocolmo y Copenhague donde mantuvo encuentros profesionales con el sector<\/strong><\/em><\/p>\n<p><em><strong>SAS conectar\u00e1 la isla, directa y regularmente, con Copenhague y enlazar\u00e1 con todas las capitales escandinavas<\/strong><\/em><\/p>\n<p><em><strong>Marlene Figueroa: \u201cEsta acci\u00f3n es estrat\u00e9gica para reposicionarnos en mercados de calidad, que valoren nuestro paisaje y la calidad majorera\u201d<\/strong><\/em><\/p>\n<p><strong>Fuerteventura se pone en valor ante el mercado escandinavo con \u201cunidad y fortaleza\u201d<\/strong><\/p>\n<p>El mercado escandinavo es un referente hist\u00f3rico para el sector tur\u00edstico de Fuerteventura y un objetivo de primer nivel para los directivos de la hosteler\u00eda majorera y la Consejer\u00eda de Turismo, ya que se trata de un turista que invierte en destino. Por eso, la acci\u00f3n comercial desarrollada esta semana en Finlandia, Suecia y Dinamarca, en plena campa\u00f1a de ventas para la pr\u00f3xima temporada, se consider\u00f3 estrat\u00e9gica. Turismo puso en valor la \u201cunidad y fortaleza\u201d de los operadores privados ante los ejecutivos n\u00f3rdicos.<\/p>\n<p>La consejera de Turismo del Cabildo de Fuerteventura, Marlene Figueroa, que encabez\u00f3 la delegaci\u00f3n hotelera majorera a este mercado de referencia para la isla, explica que \u201cesta acci\u00f3n es estrat\u00e9gica para reposicionarnos en un mercado n\u00f3rdico que valora nuestros paisajes y la calidad de la hosteler\u00eda majorera\u201d.<\/p>\n<p>\u201cEstamos apostando por priorizar la promoci\u00f3n en mercados cuyas cualidades, como su capacidad de gasto en destino y su perfil de cliente tranquilo interesado en conocer los valores de nuestra isla, son capaces de influir en una mejor la calidad de vida en Fuerteventura\u201d, apunta Marlene Figueroa.<\/p>\n<p>Un segundo objetivo de esta promoci\u00f3n ha sido reforzar la nueva conexi\u00f3n regular de la compa\u00f1\u00eda escandinava SAS, que unir\u00e1 Copenhague con Fuerteventura desde el 1 de noviembre y que enlazar\u00e1 con todas las capitales escandinavas.<\/p>\n<p>La delegaci\u00f3n de hoteleros majoreros, encabezada por la consejera de Turismo, representaba a grupos empresariales como Oasis Wildlife, Coral Cotillo Beach Hotel, Elba Hoteles, Fergus Hoteles, Meli\u00e1 Hotels, LIVVO Hoteles, Princess Hoteles y R2 Hoteles.<\/p>\n<p>La iniciativa de Turismo, exclusiva para Fuerteventura, cont\u00f3 con el apoyo organizativo y el refuerzo institucional de las embajadas espa\u00f1olas en las capitales n\u00f3rdicas. Se trata de una implicaci\u00f3n de primer nivel del Gobierno de Espa\u00f1a que realz\u00f3 el potencial de una delegaci\u00f3n majorera que se present\u00f3 ante los operadores locales con \u201cunidad y fortaleza\u201d.<\/p>\n<p>As\u00ed, la consejera Marlene Figueroa y su delegaci\u00f3n hotelera mantuvieron un encuentro con agentes de viajes en The Scandic Hotel Simonkentt\u00e4 de Helsinki, acompa\u00f1ados por el consejero de Turismo en la Embajada de Espa\u00f1a en Finlandia, Julio Jim\u00e9nez. En el caso de Suecia, el encuentro profesional tuvo lugar en el Birger Jarl Hotel de Estocolmo y cont\u00f3 con el respaldo de la consejera de Turismo de la Embajada de Espa\u00f1a en Suecia, Milagros Montes L\u00f3pez. La \u00faltima reuni\u00f3n de la gira majorera por los pa\u00edses escandinavos tuvo lugar ayer en The Radisson Royal de Copenhague, reforzada por el consejero de Turismo de la Embajada de Espa\u00f1a en Dinamarca, Ignacio Jim\u00e9nez.<\/p>\n<p>La hoja de ruta de Turismo para recuperar el mercado escandinavo ha aprovechado los picos de venta que se producen en agosto en Finlandia, Suecia, Dinamarca y Noruega para presentar in situ nuestra oferta. Cabe recordar que el gasto medio diario en destino, sin incluir vuelo, de un turista finland\u00e9s es de 158 euros, el de un turista sueco es de 128,3 euros y el de un turista noruego es de 108,3 euros.<\/p>\n<p>\u201cRecuperar la confianza de los mercados escandinavos manda un mensaje positivo a futuros clientes y a los profesionales de la hosteler\u00eda majorera\u201d, concluye Marlene Figueroa.<\/p>\n<\/div>\n","protected":false},"excerpt":{"rendered":"<p>1 septiembre, 2025 Una delegaci\u00f3n hotelera, encabezada por la consejera de Turismo, recorri\u00f3 Helsinki, Estocolmo y Copenhague donde mantuvo encuentros profesionales con el sector SAS conectar\u00e1 la isla, directa y [&hellip;]<\/p>\n","protected":false},"author":1,"featured_media":10042,"comment_status":"open","ping_status":"open","sticky":false,"template":"","format":"standard","meta":{"inline_featured_image":false,"jnews-multi-image_gallery":[],"jnews_single_post":[],"jnews_primary_category":[],"jnews_social_meta":[],"jnews_override_counter":[],"jnews_post_split":[],"footnotes":""},"categories":[58],"tags":[82],"class_list":["post-10040","post","type-post","status-publish","format-standard","has-post-thumbnail","hentry","category-cabildo","tag-fuerteventura"],"jetpack_featured_media_url":"https:\/\/informacionlocal.es\/wp-content\/uploads\/2025\/09\/marlene.jpeg","_links":{"self":[{"href":"https:\/\/informacionlocal.es\/de\/wp-json\/wp\/v2\/posts\/10040","targetHints":{"allow":["GET"]}}],"collection":[{"href":"https:\/\/informacionlocal.es\/de\/wp-json\/wp\/v2\/posts"}],"about":[{"href":"https:\/\/informacionlocal.es\/de\/wp-json\/wp\/v2\/types\/post"}],"author":[{"embeddable":true,"href":"https:\/\/informacionlocal.es\/de\/wp-json\/wp\/v2\/users\/1"}],"replies":[{"embeddable":true,"href":"https:\/\/informacionlocal.es\/de\/wp-json\/wp\/v2\/comments?post=10040"}],"version-history":[{"count":0,"href":"https:\/\/informacionlocal.es\/de\/wp-json\/wp\/v2\/posts\/10040\/revisions"}],"wp:featuredmedia":[{"embeddable":true,"href":"https:\/\/informacionlocal.es\/de\/wp-json\/wp\/v2\/media\/10042"}],"wp:attachment":[{"href":"https:\/\/informacionlocal.es\/de\/wp-json\/wp\/v2\/media?parent=10040"}],"wp:term":[{"taxonomy":"category","embeddable":true,"href":"https:\/\/informacionlocal.es\/de\/wp-json\/wp\/v2\/categories?post=10040"},{"taxonomy":"post_tag","embeddable":true,"href":"https:\/\/informacionlocal.es\/de\/wp-json\/wp\/v2\/tags?post=10040"}],"curies":[{"name":"wp","href":"https:\/\/api.w.org\/{rel}","templated":true}]}}